{"id":962,"date":"2022-10-19T11:22:18","date_gmt":"2022-10-19T09:22:18","guid":{"rendered":"http:\/\/www.college-poincare-saverne.fr\/?p=962"},"modified":"2022-11-24T10:03:06","modified_gmt":"2022-11-24T09:03:06","slug":"visite-du-struthof-et-du-memorial-avec-les-3e","status":"publish","type":"post","link":"https:\/\/www.college-poincare-saverne.fr\/?p=962","title":{"rendered":"Visite du Struthof et du M\u00e9morial avec les 3e"},"content":{"rendered":"\n<p><\/p>\n\n\n\n<p>Vendredi 07 octobre et lundi 17 octobre 2022, les \u00e9l\u00e8ves de 3\u00e8me1 et de 3\u00e8me3 d\u2019abord, puis celles de 3<sup>\u00e8me<\/sup>2 et de 3<sup>\u00e8me<\/sup>4, ont pu renouer avec l\u2019Histoire de notre r\u00e9gion. Direction Schirmeck au bord de la Bruche.<\/p>\n\n\n\n<p>&nbsp;&nbsp;&nbsp;&nbsp;&nbsp;&nbsp;&nbsp; Une visite et une d\u00e9couverte du camp de concentration du Struthof \u00e0 Natzwiller pour la matin\u00e9e ensoleill\u00e9e, comment\u00e9e par les professeurs d\u2019histoire&nbsp;; l\u2019apr\u00e8s-midi a \u00e9t\u00e9 consacr\u00e9e \u00e0 la visite guid\u00e9e du M\u00e9morial d\u2019Alsace-Moselle.<\/p>\n\n\n\n<p>\u00a0\u00a0\u00a0\u00a0\u00a0\u00a0\u00a0 Riches journ\u00e9es d\u2019enseignements pour tout un chacun.<\/p>\n\n\n\n<figure class=\"wp-block-image size-large\"><img loading=\"lazy\" decoding=\"async\" width=\"1024\" height=\"577\" src=\"https:\/\/www.college-poincare-saverne.fr\/wp-content\/uploads\/2022\/10\/01-1024x577.jpg\" alt=\"\" class=\"wp-image-964\" srcset=\"https:\/\/www.college-poincare-saverne.fr\/wp-content\/uploads\/2022\/10\/01-1024x577.jpg 1024w, https:\/\/www.college-poincare-saverne.fr\/wp-content\/uploads\/2022\/10\/01-300x169.jpg 300w, https:\/\/www.college-poincare-saverne.fr\/wp-content\/uploads\/2022\/10\/01-768x433.jpg 768w, https:\/\/www.college-poincare-saverne.fr\/wp-content\/uploads\/2022\/10\/01-1536x866.jpg 1536w, https:\/\/www.college-poincare-saverne.fr\/wp-content\/uploads\/2022\/10\/01-2048x1154.jpg 2048w, https:\/\/www.college-poincare-saverne.fr\/wp-content\/uploads\/2022\/10\/01-350x197.jpg 350w, https:\/\/www.college-poincare-saverne.fr\/wp-content\/uploads\/2022\/10\/01-528x297.jpg 528w, https:\/\/www.college-poincare-saverne.fr\/wp-content\/uploads\/2022\/10\/01-860x484.jpg 860w\" sizes=\"auto, (max-width: 1024px) 100vw, 1024px\" \/><\/figure>\n\n\n\n<p>Le groupe sur la terrasse du M\u00e9morial, avec vue sur la montagne couverte d\u2019une immense for\u00eat, qui abrite le camp de concentration du Struthof. On distingue le grand monument blanc \u00e9rig\u00e9 en hommage aux H\u00e9ros et Martyrs de la D\u00e9portation.<\/p>\n\n\n\n<figure class=\"wp-block-gallery has-nested-images columns-default is-cropped wp-block-gallery-1 is-layout-flex wp-block-gallery-is-layout-flex\">\n<figure class=\"wp-block-image size-large\"><img loading=\"lazy\" decoding=\"async\" width=\"814\" height=\"542\" data-id=\"983\" src=\"https:\/\/www.college-poincare-saverne.fr\/wp-content\/uploads\/2022\/11\/image.png\" alt=\"\" class=\"wp-image-983\" srcset=\"https:\/\/www.college-poincare-saverne.fr\/wp-content\/uploads\/2022\/11\/image.png 814w, https:\/\/www.college-poincare-saverne.fr\/wp-content\/uploads\/2022\/11\/image-300x200.png 300w, https:\/\/www.college-poincare-saverne.fr\/wp-content\/uploads\/2022\/11\/image-768x511.png 768w\" sizes=\"auto, (max-width: 814px) 100vw, 814px\" \/><\/figure>\n\n\n\n<figure class=\"wp-block-image size-large\"><img loading=\"lazy\" decoding=\"async\" width=\"630\" height=\"945\" data-id=\"984\" src=\"https:\/\/www.college-poincare-saverne.fr\/wp-content\/uploads\/2022\/11\/image-1.png\" alt=\"\" class=\"wp-image-984\" srcset=\"https:\/\/www.college-poincare-saverne.fr\/wp-content\/uploads\/2022\/11\/image-1.png 630w, https:\/\/www.college-poincare-saverne.fr\/wp-content\/uploads\/2022\/11\/image-1-200x300.png 200w\" sizes=\"auto, (max-width: 630px) 100vw, 630px\" \/><\/figure>\n<\/figure>\n\n\n\n<p><em>\u00abIl faut que la pierre sculpt\u00e9e perp\u00e9tue, sur la terre de France, l\u2019h\u00e9ro\u00efsme et le martyre de ces soldats sans uniformes, combattants de la libert\u00e9 qui, \u00e0 travers la pire \u00e9preuve, ont sauv\u00e9 l\u2019honneur\u00bb<\/em><br>L\u00e9on Boutbien. Ancien d\u00e9port\u00e9 du KL Natzweiler.<\/p>\n\n\n\n<p>Ce M\u00e9morial est officiellement inaugur\u00e9 par le g\u00e9n\u00e9ral de Gaulle, alors pr\u00e9sident de la R\u00e9publique fran\u00e7aise, le 23 juillet 1960 . <strong>Phare de la M\u00e9moire de 40 m\u00e8tres de haut<\/strong> et visible depuis la vall\u00e9e de la Bruche et les hauteurs du Donon<strong>, il repr\u00e9sente une flamme et arbore la silhouette \u00e9maci\u00e9e d&rsquo;un d\u00e9port\u00e9.<\/strong><\/p>\n\n\n\n<p>Le corps du d\u00e9port\u00e9 inconnu, symbole de toutes les victimes de la d\u00e9portation est plac\u00e9 \u00e0 l&rsquo;int\u00e9rieur du caveau au pied du M\u00e9morial. A l&rsquo;int\u00e9rieur, une crypte contient 14 urnes renfermant de la terre ou des cendres anonymes provenant de diff\u00e9rents camps de concentration.<\/p>\n\n\n\n<p>Le MEMORIAL ALSACE MOSELLE \u00a0de Schirmeck: <a href=\"http:\/\/www.memorial-alsace-moselle.com\">www.memorial-alsace-moselle.com<\/a>\u00a0\u00a0\u00a0\u00a0\u00a0\u00a0\u00a0\u00a0\u00a0\u00a0\u00a0\u00a0\u00a0\u00a0\u00a0\u00a0\u00a0\u00a0\u00a0\u00a0\u00a0\u00a0\u00a0\u00a0\u00a0\u00a0\u00a0\u00a0\u00a0\u00a0\u00a0\u00a0\u00a0\u00a0\u00a0\u00a0\u00a0\u00a0\u00a0\u00a0\u00a0\u00a0\u00a0\u00a0\u00a0\u00a0\u00a0\u00a0\u00a0\u00a0\u00a0\u00a0\u00a0\u00a0\u00a0\u00a0\u00a0\u00a0\u00a0\u00a0\u00a0\u00a0\u00a0\u00a0\u00a0\u00a0\u00a0\u00a0\u00a0\u00a0\u00a0\u00a0\u00a0\u00a0\u00a0\u00a0\u00a0\u00a0\u00a0\u00a0\u00a0\u00a0\u00a0\u00a0\u00a0\u00a0\u00a0\u00a0\u00a0\u00a0\u00a0\u00a0 <\/p>\n\n\n\n<p>Le M\u00e9morial d\u00e9voile l\u2019histoire particuli\u00e8re des Alsaciens et Mosellans qui ont chang\u00e9 4 fois de nationalit\u00e9 entre 1871 et 1945. De 1940 \u00e0 1945, l\u2019Alsace et la Moselle ont \u00e9t\u00e9 la seule partie du territoire fran\u00e7ais \u00e0 \u00eatre annex\u00e9e par le III \u00e8me Reich et \u00e0 conna\u00eetre la violence d\u2019un r\u00e9gime totalitaire au quotidien.<\/p>\n\n\n\n<figure class=\"wp-block-gallery has-nested-images columns-default is-cropped wp-block-gallery-2 is-layout-flex wp-block-gallery-is-layout-flex\">\n<figure class=\"wp-block-image size-large\"><img loading=\"lazy\" decoding=\"async\" width=\"766\" height=\"510\" data-id=\"986\" src=\"https:\/\/www.college-poincare-saverne.fr\/wp-content\/uploads\/2022\/11\/image-3.png\" alt=\"\" class=\"wp-image-986\" srcset=\"https:\/\/www.college-poincare-saverne.fr\/wp-content\/uploads\/2022\/11\/image-3.png 766w, https:\/\/www.college-poincare-saverne.fr\/wp-content\/uploads\/2022\/11\/image-3-300x200.png 300w\" sizes=\"auto, (max-width: 766px) 100vw, 766px\" \/><\/figure>\n\n\n\n<figure class=\"wp-block-image size-large\"><img loading=\"lazy\" decoding=\"async\" width=\"945\" height=\"630\" data-id=\"985\" src=\"https:\/\/www.college-poincare-saverne.fr\/wp-content\/uploads\/2022\/11\/image-2.png\" alt=\"\" class=\"wp-image-985\" srcset=\"https:\/\/www.college-poincare-saverne.fr\/wp-content\/uploads\/2022\/11\/image-2.png 945w, https:\/\/www.college-poincare-saverne.fr\/wp-content\/uploads\/2022\/11\/image-2-300x200.png 300w, https:\/\/www.college-poincare-saverne.fr\/wp-content\/uploads\/2022\/11\/image-2-768x512.png 768w\" sizes=\"auto, (max-width: 945px) 100vw, 945px\" \/><\/figure>\n<\/figure>\n\n\n\n<p>Le groupe \u00e0 l\u2019entr\u00e9e du M\u00e9morial et \u00e0 la galerie de portraits.<\/p>\n\n\n\n<p> <\/p>\n\n\n\n<figure class=\"wp-block-gallery has-nested-images columns-default is-cropped wp-block-gallery-3 is-layout-flex wp-block-gallery-is-layout-flex\">\n<figure class=\"wp-block-image size-large\"><img loading=\"lazy\" decoding=\"async\" width=\"875\" height=\"583\" data-id=\"987\" src=\"https:\/\/www.college-poincare-saverne.fr\/wp-content\/uploads\/2022\/11\/image-4.png\" alt=\"\" class=\"wp-image-987\" srcset=\"https:\/\/www.college-poincare-saverne.fr\/wp-content\/uploads\/2022\/11\/image-4.png 875w, https:\/\/www.college-poincare-saverne.fr\/wp-content\/uploads\/2022\/11\/image-4-300x200.png 300w, https:\/\/www.college-poincare-saverne.fr\/wp-content\/uploads\/2022\/11\/image-4-768x512.png 768w\" sizes=\"auto, (max-width: 875px) 100vw, 875px\" \/><\/figure>\n\n\n\n<figure class=\"wp-block-image size-large\"><img loading=\"lazy\" decoding=\"async\" width=\"945\" height=\"630\" data-id=\"988\" src=\"https:\/\/www.college-poincare-saverne.fr\/wp-content\/uploads\/2022\/11\/image-5.png\" alt=\"\" class=\"wp-image-988\" srcset=\"https:\/\/www.college-poincare-saverne.fr\/wp-content\/uploads\/2022\/11\/image-5.png 945w, https:\/\/www.college-poincare-saverne.fr\/wp-content\/uploads\/2022\/11\/image-5-300x200.png 300w, https:\/\/www.college-poincare-saverne.fr\/wp-content\/uploads\/2022\/11\/image-5-768x512.png 768w\" sizes=\"auto, (max-width: 945px) 100vw, 945px\" \/><\/figure>\n<\/figure>\n\n\n\n<p>La France entre en guerre\u00a0: le 2.09.1939, la mobilisation g\u00e9n\u00e9rale est d\u00e9cr\u00e9t\u00e9e, Les populations \u00e9vacu\u00e9es voyagent vers le Sud-Ouest en train, m\u00eame \u00e0 bestiaux, pendant plusieurs jours et nuits, tandis que les \u00e9quipages de la ligne Maginot rejoignent leurs positions. Le 3.09, la France et l\u2019Angleterre d\u00e9clarent la guerre \u00e0 l\u2019Allemagne.<\/p>\n\n\n\n<p><\/p>\n\n\n\n<figure class=\"wp-block-gallery has-nested-images columns-default is-cropped wp-block-gallery-4 is-layout-flex wp-block-gallery-is-layout-flex\">\n<figure class=\"wp-block-image size-large\"><img loading=\"lazy\" decoding=\"async\" width=\"945\" height=\"630\" data-id=\"989\" src=\"https:\/\/www.college-poincare-saverne.fr\/wp-content\/uploads\/2022\/11\/image-6.png\" alt=\"\" class=\"wp-image-989\" srcset=\"https:\/\/www.college-poincare-saverne.fr\/wp-content\/uploads\/2022\/11\/image-6.png 945w, https:\/\/www.college-poincare-saverne.fr\/wp-content\/uploads\/2022\/11\/image-6-300x200.png 300w, https:\/\/www.college-poincare-saverne.fr\/wp-content\/uploads\/2022\/11\/image-6-768x512.png 768w\" sizes=\"auto, (max-width: 945px) 100vw, 945px\" \/><\/figure>\n\n\n\n<figure class=\"wp-block-image size-large\"><img loading=\"lazy\" decoding=\"async\" width=\"945\" height=\"630\" data-id=\"990\" src=\"https:\/\/www.college-poincare-saverne.fr\/wp-content\/uploads\/2022\/11\/image-7.png\" alt=\"\" class=\"wp-image-990\" srcset=\"https:\/\/www.college-poincare-saverne.fr\/wp-content\/uploads\/2022\/11\/image-7.png 945w, https:\/\/www.college-poincare-saverne.fr\/wp-content\/uploads\/2022\/11\/image-7-300x200.png 300w, https:\/\/www.college-poincare-saverne.fr\/wp-content\/uploads\/2022\/11\/image-7-768x512.png 768w\" sizes=\"auto, (max-width: 945px) 100vw, 945px\" \/><\/figure>\n\n\n\n<figure class=\"wp-block-image size-large\"><img loading=\"lazy\" decoding=\"async\" width=\"945\" height=\"630\" data-id=\"991\" src=\"https:\/\/www.college-poincare-saverne.fr\/wp-content\/uploads\/2022\/11\/image-8.png\" alt=\"\" class=\"wp-image-991\" srcset=\"https:\/\/www.college-poincare-saverne.fr\/wp-content\/uploads\/2022\/11\/image-8.png 945w, https:\/\/www.college-poincare-saverne.fr\/wp-content\/uploads\/2022\/11\/image-8-300x200.png 300w, https:\/\/www.college-poincare-saverne.fr\/wp-content\/uploads\/2022\/11\/image-8-768x512.png 768w\" sizes=\"auto, (max-width: 945px) 100vw, 945px\" \/><\/figure>\n\n\n\n<figure class=\"wp-block-image size-large\"><img loading=\"lazy\" decoding=\"async\" width=\"945\" height=\"630\" data-id=\"992\" src=\"https:\/\/www.college-poincare-saverne.fr\/wp-content\/uploads\/2022\/11\/image-9.png\" alt=\"\" class=\"wp-image-992\" srcset=\"https:\/\/www.college-poincare-saverne.fr\/wp-content\/uploads\/2022\/11\/image-9.png 945w, https:\/\/www.college-poincare-saverne.fr\/wp-content\/uploads\/2022\/11\/image-9-300x200.png 300w, https:\/\/www.college-poincare-saverne.fr\/wp-content\/uploads\/2022\/11\/image-9-768x512.png 768w\" sizes=\"auto, (max-width: 945px) 100vw, 945px\" \/><\/figure>\n<\/figure>\n\n\n\n<p>La germanisation de l\u2019Alsace et de la Moselle, par \u00e9tapes\u00a0: affiches, changement des noms des habitants, changement des noms des rues et places, germanisation de l\u2019\u00e9cole\u2026<\/p>\n\n\n\n<figure class=\"wp-block-gallery has-nested-images columns-default is-cropped wp-block-gallery-5 is-layout-flex wp-block-gallery-is-layout-flex\">\n<figure class=\"wp-block-image size-large\"><img loading=\"lazy\" decoding=\"async\" width=\"945\" height=\"630\" data-id=\"993\" src=\"https:\/\/www.college-poincare-saverne.fr\/wp-content\/uploads\/2022\/11\/image-10.png\" alt=\"\" class=\"wp-image-993\" srcset=\"https:\/\/www.college-poincare-saverne.fr\/wp-content\/uploads\/2022\/11\/image-10.png 945w, https:\/\/www.college-poincare-saverne.fr\/wp-content\/uploads\/2022\/11\/image-10-300x200.png 300w, https:\/\/www.college-poincare-saverne.fr\/wp-content\/uploads\/2022\/11\/image-10-768x512.png 768w\" sizes=\"auto, (max-width: 945px) 100vw, 945px\" \/><\/figure>\n\n\n\n<figure class=\"wp-block-image size-large\"><img loading=\"lazy\" decoding=\"async\" width=\"945\" height=\"630\" data-id=\"994\" src=\"https:\/\/www.college-poincare-saverne.fr\/wp-content\/uploads\/2022\/11\/image-11.png\" alt=\"\" class=\"wp-image-994\" srcset=\"https:\/\/www.college-poincare-saverne.fr\/wp-content\/uploads\/2022\/11\/image-11.png 945w, https:\/\/www.college-poincare-saverne.fr\/wp-content\/uploads\/2022\/11\/image-11-300x200.png 300w, https:\/\/www.college-poincare-saverne.fr\/wp-content\/uploads\/2022\/11\/image-11-768x512.png 768w\" sizes=\"auto, (max-width: 945px) 100vw, 945px\" \/><\/figure>\n<\/figure>\n\n\n\n<p>L\u2019incorporation de force. <\/p>\n\n\n\n<p> <\/p>\n\n\n\n<figure class=\"wp-block-image size-full\"><img loading=\"lazy\" decoding=\"async\" width=\"945\" height=\"630\" src=\"https:\/\/www.college-poincare-saverne.fr\/wp-content\/uploads\/2022\/11\/image-13.png\" alt=\"\" class=\"wp-image-996\" srcset=\"https:\/\/www.college-poincare-saverne.fr\/wp-content\/uploads\/2022\/11\/image-13.png 945w, https:\/\/www.college-poincare-saverne.fr\/wp-content\/uploads\/2022\/11\/image-13-300x200.png 300w, https:\/\/www.college-poincare-saverne.fr\/wp-content\/uploads\/2022\/11\/image-13-768x512.png 768w\" sizes=\"auto, (max-width: 945px) 100vw, 945px\" \/><\/figure>\n\n\n\n<p>Maquette du camp de redressement de Schirmeck.<\/p>\n\n\n\n<figure class=\"wp-block-gallery has-nested-images columns-default is-cropped wp-block-gallery-6 is-layout-flex wp-block-gallery-is-layout-flex\">\n<figure class=\"wp-block-image size-large\"><img loading=\"lazy\" decoding=\"async\" width=\"945\" height=\"630\" data-id=\"997\" src=\"https:\/\/www.college-poincare-saverne.fr\/wp-content\/uploads\/2022\/11\/image-14.png\" alt=\"\" class=\"wp-image-997\" srcset=\"https:\/\/www.college-poincare-saverne.fr\/wp-content\/uploads\/2022\/11\/image-14.png 945w, https:\/\/www.college-poincare-saverne.fr\/wp-content\/uploads\/2022\/11\/image-14-300x200.png 300w, https:\/\/www.college-poincare-saverne.fr\/wp-content\/uploads\/2022\/11\/image-14-768x512.png 768w\" sizes=\"auto, (max-width: 945px) 100vw, 945px\" \/><\/figure>\n\n\n\n<figure class=\"wp-block-image size-large\"><img loading=\"lazy\" decoding=\"async\" width=\"453\" height=\"679\" data-id=\"998\" src=\"https:\/\/www.college-poincare-saverne.fr\/wp-content\/uploads\/2022\/11\/image-15.png\" alt=\"\" class=\"wp-image-998\" srcset=\"https:\/\/www.college-poincare-saverne.fr\/wp-content\/uploads\/2022\/11\/image-15.png 453w, https:\/\/www.college-poincare-saverne.fr\/wp-content\/uploads\/2022\/11\/image-15-200x300.png 200w\" sizes=\"auto, (max-width: 453px) 100vw, 453px\" \/><\/figure>\n\n\n\n<figure class=\"wp-block-image size-large\"><img loading=\"lazy\" decoding=\"async\" width=\"534\" height=\"356\" data-id=\"1000\" src=\"https:\/\/www.college-poincare-saverne.fr\/wp-content\/uploads\/2022\/11\/image-17.png\" alt=\"\" class=\"wp-image-1000\" srcset=\"https:\/\/www.college-poincare-saverne.fr\/wp-content\/uploads\/2022\/11\/image-17.png 534w, https:\/\/www.college-poincare-saverne.fr\/wp-content\/uploads\/2022\/11\/image-17-300x200.png 300w\" sizes=\"auto, (max-width: 534px) 100vw, 534px\" \/><\/figure>\n\n\n\n<figure class=\"wp-block-image size-large\"><img loading=\"lazy\" decoding=\"async\" width=\"534\" height=\"356\" data-id=\"999\" src=\"https:\/\/www.college-poincare-saverne.fr\/wp-content\/uploads\/2022\/11\/image-16.png\" alt=\"\" class=\"wp-image-999\" srcset=\"https:\/\/www.college-poincare-saverne.fr\/wp-content\/uploads\/2022\/11\/image-16.png 534w, https:\/\/www.college-poincare-saverne.fr\/wp-content\/uploads\/2022\/11\/image-16-300x200.png 300w\" sizes=\"auto, (max-width: 534px) 100vw, 534px\" \/><\/figure>\n<\/figure>\n\n\n\n<p>La guerre totale. <\/p>\n\n\n\n<p><strong>Le STRUTHOF \u2013 NATZWEILER<\/strong>\u00a0\u00a0\u00a0\u00a0\u00a0\u00a0\u00a0\u00a0\u00a0\u00a0\u00a0\u00a0\u00a0\u00a0\u00a0\u00a0\u00a0\u00a0\u00a0\u00a0\u00a0\u00a0\u00a0\u00a0\u00a0\u00a0\u00a0\u00a0\u00a0\u00a0\u00a0\u00a0\u00a0\u00a0\u00a0\u00a0\u00a0\u00a0\u00a0\u00a0\u00a0\u00a0\u00a0\u00a0\u00a0\u00a0\u00a0\u00a0\u00a0\u00a0\u00a0\u00a0\u00a0\u00a0\u00a0\u00a0\u00a0\u00a0\u00a0\u00a0\u00a0\u00a0\u00a0\u00a0\u00a0\u00a0\u00a0\u00a0\u00a0\u00a0\u00a0\u00a0\u00a0\u00a0\u00a0\u00a0\u00a0\u00a0\u00a0\u00a0\u00a0\u00a0\u00a0\u00a0\u00a0\u00a0\u00a0\u00a0\u00a0\u00a0\u00a0\u00a0\u00a0\u00a0\u00a0\u00a0\u00a0\u00a0\u00a0\u00a0\u00a0\u00a0\u00a0\u00a0\u00a0\u00a0\u00a0\u00a0\u00a0\u00a0\u00a0\u00a0\u00a0\u00a0\u00a0\u00a0\u00a0\u00a0\u00a0 Ce camp de concentration faisait partie d\u2019un vaste syst\u00e8me organis\u00e9, avec 14 camps principaux. <\/p>\n\n\n\n<figure class=\"wp-block-gallery has-nested-images columns-default is-cropped wp-block-gallery-7 is-layout-flex wp-block-gallery-is-layout-flex\">\n<figure class=\"wp-block-image size-large\"><img loading=\"lazy\" decoding=\"async\" width=\"877\" height=\"584\" data-id=\"1001\" src=\"https:\/\/www.college-poincare-saverne.fr\/wp-content\/uploads\/2022\/11\/image-18.png\" alt=\"\" class=\"wp-image-1001\" srcset=\"https:\/\/www.college-poincare-saverne.fr\/wp-content\/uploads\/2022\/11\/image-18.png 877w, https:\/\/www.college-poincare-saverne.fr\/wp-content\/uploads\/2022\/11\/image-18-300x200.png 300w, https:\/\/www.college-poincare-saverne.fr\/wp-content\/uploads\/2022\/11\/image-18-768x511.png 768w\" sizes=\"auto, (max-width: 877px) 100vw, 877px\" \/><\/figure>\n\n\n\n<figure class=\"wp-block-image size-large\"><img loading=\"lazy\" decoding=\"async\" width=\"877\" height=\"584\" data-id=\"1002\" src=\"https:\/\/www.college-poincare-saverne.fr\/wp-content\/uploads\/2022\/11\/image-19.png\" alt=\"\" class=\"wp-image-1002\" srcset=\"https:\/\/www.college-poincare-saverne.fr\/wp-content\/uploads\/2022\/11\/image-19.png 877w, https:\/\/www.college-poincare-saverne.fr\/wp-content\/uploads\/2022\/11\/image-19-300x200.png 300w, https:\/\/www.college-poincare-saverne.fr\/wp-content\/uploads\/2022\/11\/image-19-768x511.png 768w\" sizes=\"auto, (max-width: 877px) 100vw, 877px\" \/><\/figure>\n<\/figure>\n\n\n\n<p>A l\u2019entr\u00e9e, \u00ab\u00a0Le gisant\u00a0\u00bb (statue de bronze qui repr\u00e9sente un corps de d\u00e9port\u00e9 d\u00e9charn\u00e9), \u0153uvre de l\u2019artiste Georges Halbout.\u00a0<\/p>\n\n\n\n<figure class=\"wp-block-gallery has-nested-images columns-default is-cropped wp-block-gallery-8 is-layout-flex wp-block-gallery-is-layout-flex\">\n<figure class=\"wp-block-image size-large\"><img loading=\"lazy\" decoding=\"async\" width=\"945\" height=\"630\" data-id=\"1011\" src=\"https:\/\/www.college-poincare-saverne.fr\/wp-content\/uploads\/2022\/11\/image-28.png\" alt=\"\" class=\"wp-image-1011\" srcset=\"https:\/\/www.college-poincare-saverne.fr\/wp-content\/uploads\/2022\/11\/image-28.png 945w, https:\/\/www.college-poincare-saverne.fr\/wp-content\/uploads\/2022\/11\/image-28-300x200.png 300w, https:\/\/www.college-poincare-saverne.fr\/wp-content\/uploads\/2022\/11\/image-28-768x512.png 768w\" sizes=\"auto, (max-width: 945px) 100vw, 945px\" \/><\/figure>\n\n\n\n<figure class=\"wp-block-image size-large\"><img loading=\"lazy\" decoding=\"async\" width=\"431\" height=\"646\" data-id=\"1010\" src=\"https:\/\/www.college-poincare-saverne.fr\/wp-content\/uploads\/2022\/11\/image-27.png\" alt=\"\" class=\"wp-image-1010\" srcset=\"https:\/\/www.college-poincare-saverne.fr\/wp-content\/uploads\/2022\/11\/image-27.png 431w, https:\/\/www.college-poincare-saverne.fr\/wp-content\/uploads\/2022\/11\/image-27-200x300.png 200w\" sizes=\"auto, (max-width: 431px) 100vw, 431px\" \/><\/figure>\n\n\n\n<figure class=\"wp-block-image size-large\"><img loading=\"lazy\" decoding=\"async\" width=\"431\" height=\"647\" data-id=\"1009\" src=\"https:\/\/www.college-poincare-saverne.fr\/wp-content\/uploads\/2022\/11\/image-26.png\" alt=\"\" class=\"wp-image-1009\" srcset=\"https:\/\/www.college-poincare-saverne.fr\/wp-content\/uploads\/2022\/11\/image-26.png 431w, https:\/\/www.college-poincare-saverne.fr\/wp-content\/uploads\/2022\/11\/image-26-200x300.png 200w\" sizes=\"auto, (max-width: 431px) 100vw, 431px\" \/><\/figure>\n\n\n\n<figure class=\"wp-block-image size-large\"><img loading=\"lazy\" decoding=\"async\" width=\"945\" height=\"630\" data-id=\"1008\" src=\"https:\/\/www.college-poincare-saverne.fr\/wp-content\/uploads\/2022\/11\/image-25.png\" alt=\"\" class=\"wp-image-1008\" srcset=\"https:\/\/www.college-poincare-saverne.fr\/wp-content\/uploads\/2022\/11\/image-25.png 945w, https:\/\/www.college-poincare-saverne.fr\/wp-content\/uploads\/2022\/11\/image-25-300x200.png 300w, https:\/\/www.college-poincare-saverne.fr\/wp-content\/uploads\/2022\/11\/image-25-768x512.png 768w\" sizes=\"auto, (max-width: 945px) 100vw, 945px\" \/><\/figure>\n\n\n\n<figure class=\"wp-block-image size-large\"><img loading=\"lazy\" decoding=\"async\" width=\"945\" height=\"630\" data-id=\"1007\" src=\"https:\/\/www.college-poincare-saverne.fr\/wp-content\/uploads\/2022\/11\/image-24.png\" alt=\"\" class=\"wp-image-1007\" srcset=\"https:\/\/www.college-poincare-saverne.fr\/wp-content\/uploads\/2022\/11\/image-24.png 945w, https:\/\/www.college-poincare-saverne.fr\/wp-content\/uploads\/2022\/11\/image-24-300x200.png 300w, https:\/\/www.college-poincare-saverne.fr\/wp-content\/uploads\/2022\/11\/image-24-768x512.png 768w\" sizes=\"auto, (max-width: 945px) 100vw, 945px\" \/><\/figure>\n\n\n\n<figure class=\"wp-block-image size-large\"><img loading=\"lazy\" decoding=\"async\" width=\"945\" height=\"630\" data-id=\"1006\" src=\"https:\/\/www.college-poincare-saverne.fr\/wp-content\/uploads\/2022\/11\/image-23.png\" alt=\"\" class=\"wp-image-1006\" srcset=\"https:\/\/www.college-poincare-saverne.fr\/wp-content\/uploads\/2022\/11\/image-23.png 945w, https:\/\/www.college-poincare-saverne.fr\/wp-content\/uploads\/2022\/11\/image-23-300x200.png 300w, https:\/\/www.college-poincare-saverne.fr\/wp-content\/uploads\/2022\/11\/image-23-768x512.png 768w\" sizes=\"auto, (max-width: 945px) 100vw, 945px\" \/><\/figure>\n\n\n\n<figure class=\"wp-block-image size-large\"><img loading=\"lazy\" decoding=\"async\" width=\"945\" height=\"630\" data-id=\"1004\" src=\"https:\/\/www.college-poincare-saverne.fr\/wp-content\/uploads\/2022\/11\/image-21.png\" alt=\"\" class=\"wp-image-1004\" srcset=\"https:\/\/www.college-poincare-saverne.fr\/wp-content\/uploads\/2022\/11\/image-21.png 945w, https:\/\/www.college-poincare-saverne.fr\/wp-content\/uploads\/2022\/11\/image-21-300x200.png 300w, https:\/\/www.college-poincare-saverne.fr\/wp-content\/uploads\/2022\/11\/image-21-768x512.png 768w\" sizes=\"auto, (max-width: 945px) 100vw, 945px\" \/><\/figure>\n\n\n\n<figure class=\"wp-block-image size-large\"><img loading=\"lazy\" decoding=\"async\" width=\"945\" height=\"630\" data-id=\"1005\" src=\"https:\/\/www.college-poincare-saverne.fr\/wp-content\/uploads\/2022\/11\/image-22.png\" alt=\"\" class=\"wp-image-1005\" srcset=\"https:\/\/www.college-poincare-saverne.fr\/wp-content\/uploads\/2022\/11\/image-22.png 945w, https:\/\/www.college-poincare-saverne.fr\/wp-content\/uploads\/2022\/11\/image-22-300x200.png 300w, https:\/\/www.college-poincare-saverne.fr\/wp-content\/uploads\/2022\/11\/image-22-768x512.png 768w\" sizes=\"auto, (max-width: 945px) 100vw, 945px\" \/><\/figure>\n<\/figure>\n\n\n\n<p>Beaucoup d\u2019\u00e9l\u00e8ves ont \u00e9t\u00e9 touch\u00e9s de voir un camp de concentration et de d\u00e9couvrir la r\u00e9alit\u00e9 de l\u2019univers concentrationnaire, \u00e0 travers les explications int\u00e9ressantes des professeurs d\u2019histoire-g\u00e9ographie, Fr\u00e9d\u00e9ric Moder et Jean-Fran\u00e7ois Machon, mais aussi \u00e0 travers des t\u00e9moignages de d\u00e9port\u00e9s. <\/p>\n\n\n\n<figure class=\"wp-block-gallery has-nested-images columns-default is-cropped wp-block-gallery-9 is-layout-flex wp-block-gallery-is-layout-flex\">\n<figure class=\"wp-block-image size-large\"><img loading=\"lazy\" decoding=\"async\" width=\"645\" height=\"430\" data-id=\"1013\" src=\"https:\/\/www.college-poincare-saverne.fr\/wp-content\/uploads\/2022\/11\/image-30.png\" alt=\"\" class=\"wp-image-1013\" srcset=\"https:\/\/www.college-poincare-saverne.fr\/wp-content\/uploads\/2022\/11\/image-30.png 645w, https:\/\/www.college-poincare-saverne.fr\/wp-content\/uploads\/2022\/11\/image-30-300x200.png 300w\" sizes=\"auto, (max-width: 645px) 100vw, 645px\" \/><\/figure>\n\n\n\n<figure class=\"wp-block-image size-large\"><img loading=\"lazy\" decoding=\"async\" width=\"448\" height=\"299\" data-id=\"1016\" src=\"https:\/\/www.college-poincare-saverne.fr\/wp-content\/uploads\/2022\/11\/image-33.png\" alt=\"\" class=\"wp-image-1016\" srcset=\"https:\/\/www.college-poincare-saverne.fr\/wp-content\/uploads\/2022\/11\/image-33.png 448w, https:\/\/www.college-poincare-saverne.fr\/wp-content\/uploads\/2022\/11\/image-33-300x200.png 300w\" sizes=\"auto, (max-width: 448px) 100vw, 448px\" \/><\/figure>\n\n\n\n<figure class=\"wp-block-image size-large\"><img loading=\"lazy\" decoding=\"async\" width=\"645\" height=\"430\" data-id=\"1014\" src=\"https:\/\/www.college-poincare-saverne.fr\/wp-content\/uploads\/2022\/11\/image-31.png\" alt=\"\" class=\"wp-image-1014\" srcset=\"https:\/\/www.college-poincare-saverne.fr\/wp-content\/uploads\/2022\/11\/image-31.png 645w, https:\/\/www.college-poincare-saverne.fr\/wp-content\/uploads\/2022\/11\/image-31-300x200.png 300w\" sizes=\"auto, (max-width: 645px) 100vw, 645px\" \/><\/figure>\n\n\n\n<figure class=\"wp-block-image size-large\"><img loading=\"lazy\" decoding=\"async\" width=\"645\" height=\"430\" data-id=\"1012\" src=\"https:\/\/www.college-poincare-saverne.fr\/wp-content\/uploads\/2022\/11\/image-29.png\" alt=\"\" class=\"wp-image-1012\" srcset=\"https:\/\/www.college-poincare-saverne.fr\/wp-content\/uploads\/2022\/11\/image-29.png 645w, https:\/\/www.college-poincare-saverne.fr\/wp-content\/uploads\/2022\/11\/image-29-300x200.png 300w\" sizes=\"auto, (max-width: 645px) 100vw, 645px\" \/><\/figure>\n\n\n\n<figure class=\"wp-block-image size-large\"><img loading=\"lazy\" decoding=\"async\" width=\"797\" height=\"531\" data-id=\"1015\" src=\"https:\/\/www.college-poincare-saverne.fr\/wp-content\/uploads\/2022\/11\/image-32.png\" alt=\"\" class=\"wp-image-1015\" srcset=\"https:\/\/www.college-poincare-saverne.fr\/wp-content\/uploads\/2022\/11\/image-32.png 797w, https:\/\/www.college-poincare-saverne.fr\/wp-content\/uploads\/2022\/11\/image-32-300x200.png 300w, https:\/\/www.college-poincare-saverne.fr\/wp-content\/uploads\/2022\/11\/image-32-768x512.png 768w\" sizes=\"auto, (max-width: 797px) 100vw, 797px\" \/><\/figure>\n\n\n\n<figure class=\"wp-block-image size-large\"><img loading=\"lazy\" decoding=\"async\" width=\"447\" height=\"298\" data-id=\"1017\" src=\"https:\/\/www.college-poincare-saverne.fr\/wp-content\/uploads\/2022\/11\/image-34.png\" alt=\"\" class=\"wp-image-1017\" srcset=\"https:\/\/www.college-poincare-saverne.fr\/wp-content\/uploads\/2022\/11\/image-34.png 447w, https:\/\/www.college-poincare-saverne.fr\/wp-content\/uploads\/2022\/11\/image-34-300x200.png 300w\" sizes=\"auto, (max-width: 447px) 100vw, 447px\" \/><\/figure>\n\n\n\n<figure class=\"wp-block-image size-large\"><img loading=\"lazy\" decoding=\"async\" width=\"327\" height=\"490\" data-id=\"1018\" src=\"https:\/\/www.college-poincare-saverne.fr\/wp-content\/uploads\/2022\/11\/image-35.png\" alt=\"\" class=\"wp-image-1018\" srcset=\"https:\/\/www.college-poincare-saverne.fr\/wp-content\/uploads\/2022\/11\/image-35.png 327w, https:\/\/www.college-poincare-saverne.fr\/wp-content\/uploads\/2022\/11\/image-35-200x300.png 200w\" sizes=\"auto, (max-width: 327px) 100vw, 327px\" \/><\/figure>\n<\/figure>\n\n\n\n<p>Le bloc des exp\u00e9rimentations, et les urnes fun\u00e9raires, dans la baraque cr\u00e9matoire. Le chevalet de bastonnade, les portes de cellules, un emplacement minuscule derri\u00e8re la petite porte. <\/p>\n\n\n<div class=\"wp-block-image\">\n<figure class=\"aligncenter size-full\"><img loading=\"lazy\" decoding=\"async\" width=\"305\" height=\"458\" src=\"https:\/\/www.college-poincare-saverne.fr\/wp-content\/uploads\/2022\/11\/image-36.png\" alt=\"\" class=\"wp-image-1019\" srcset=\"https:\/\/www.college-poincare-saverne.fr\/wp-content\/uploads\/2022\/11\/image-36.png 305w, https:\/\/www.college-poincare-saverne.fr\/wp-content\/uploads\/2022\/11\/image-36-200x300.png 200w\" sizes=\"auto, (max-width: 305px) 100vw, 305px\" \/><\/figure>\n<\/div>\n\n\n<p>Les escaliers du camp, volontairement aux marches irr\u00e9guli\u00e8res, participent \u00e0 l\u2019enfer du camp pour des hommes affaiblis et \u00e9puis\u00e9s.<\/p>\n\n\n\n<p><\/p>\n\n\n\n<figure class=\"wp-block-gallery has-nested-images columns-default is-cropped wp-block-gallery-10 is-layout-flex wp-block-gallery-is-layout-flex\">\n<figure class=\"wp-block-image size-large\"><img loading=\"lazy\" decoding=\"async\" width=\"549\" height=\"366\" data-id=\"1020\" src=\"https:\/\/www.college-poincare-saverne.fr\/wp-content\/uploads\/2022\/11\/image-37.png\" alt=\"\" class=\"wp-image-1020\" srcset=\"https:\/\/www.college-poincare-saverne.fr\/wp-content\/uploads\/2022\/11\/image-37.png 549w, https:\/\/www.college-poincare-saverne.fr\/wp-content\/uploads\/2022\/11\/image-37-300x200.png 300w\" sizes=\"auto, (max-width: 549px) 100vw, 549px\" \/><\/figure>\n\n\n\n<figure class=\"wp-block-image size-large\"><img loading=\"lazy\" decoding=\"async\" width=\"548\" height=\"365\" data-id=\"1021\" src=\"https:\/\/www.college-poincare-saverne.fr\/wp-content\/uploads\/2022\/11\/image-38.png\" alt=\"\" class=\"wp-image-1021\" srcset=\"https:\/\/www.college-poincare-saverne.fr\/wp-content\/uploads\/2022\/11\/image-38.png 548w, https:\/\/www.college-poincare-saverne.fr\/wp-content\/uploads\/2022\/11\/image-38-300x200.png 300w\" sizes=\"auto, (max-width: 548px) 100vw, 548px\" \/><\/figure>\n<\/figure>\n\n\n\n<p>Maquettes, plans, v\u00eatements et objets d\u2019anciens d\u00e9tenus, dessins et peintures, mobilier au Mus\u00e9e du camp de Natzweiler.<\/p>\n\n\n\n<figure class=\"wp-block-gallery has-nested-images columns-default is-cropped wp-block-gallery-11 is-layout-flex wp-block-gallery-is-layout-flex\">\n<figure class=\"wp-block-image size-large\"><img loading=\"lazy\" decoding=\"async\" width=\"945\" height=\"630\" data-id=\"1022\" src=\"https:\/\/www.college-poincare-saverne.fr\/wp-content\/uploads\/2022\/11\/image-39.png\" alt=\"\" class=\"wp-image-1022\" srcset=\"https:\/\/www.college-poincare-saverne.fr\/wp-content\/uploads\/2022\/11\/image-39.png 945w, https:\/\/www.college-poincare-saverne.fr\/wp-content\/uploads\/2022\/11\/image-39-300x200.png 300w, https:\/\/www.college-poincare-saverne.fr\/wp-content\/uploads\/2022\/11\/image-39-768x512.png 768w\" sizes=\"auto, (max-width: 945px) 100vw, 945px\" \/><\/figure>\n\n\n\n<figure class=\"wp-block-image size-large\"><img loading=\"lazy\" decoding=\"async\" width=\"432\" height=\"649\" data-id=\"1023\" src=\"https:\/\/www.college-poincare-saverne.fr\/wp-content\/uploads\/2022\/11\/image-40.png\" alt=\"\" class=\"wp-image-1023\" srcset=\"https:\/\/www.college-poincare-saverne.fr\/wp-content\/uploads\/2022\/11\/image-40.png 432w, https:\/\/www.college-poincare-saverne.fr\/wp-content\/uploads\/2022\/11\/image-40-200x300.png 200w\" sizes=\"auto, (max-width: 432px) 100vw, 432px\" \/><\/figure>\n\n\n\n<figure class=\"wp-block-image size-large\"><img loading=\"lazy\" decoding=\"async\" width=\"417\" height=\"626\" data-id=\"1024\" src=\"https:\/\/www.college-poincare-saverne.fr\/wp-content\/uploads\/2022\/11\/image-41.png\" alt=\"\" class=\"wp-image-1024\" srcset=\"https:\/\/www.college-poincare-saverne.fr\/wp-content\/uploads\/2022\/11\/image-41.png 417w, https:\/\/www.college-poincare-saverne.fr\/wp-content\/uploads\/2022\/11\/image-41-200x300.png 200w\" sizes=\"auto, (max-width: 417px) 100vw, 417px\" \/><\/figure>\n\n\n\n<figure class=\"wp-block-image size-large\"><img loading=\"lazy\" decoding=\"async\" width=\"945\" height=\"630\" data-id=\"1025\" src=\"https:\/\/www.college-poincare-saverne.fr\/wp-content\/uploads\/2022\/11\/image-42.png\" alt=\"\" class=\"wp-image-1025\" srcset=\"https:\/\/www.college-poincare-saverne.fr\/wp-content\/uploads\/2022\/11\/image-42.png 945w, https:\/\/www.college-poincare-saverne.fr\/wp-content\/uploads\/2022\/11\/image-42-300x200.png 300w, https:\/\/www.college-poincare-saverne.fr\/wp-content\/uploads\/2022\/11\/image-42-768x512.png 768w\" sizes=\"auto, (max-width: 945px) 100vw, 945px\" \/><\/figure>\n\n\n\n<figure class=\"wp-block-image size-large\"><img loading=\"lazy\" decoding=\"async\" width=\"945\" height=\"630\" data-id=\"1026\" src=\"https:\/\/www.college-poincare-saverne.fr\/wp-content\/uploads\/2022\/11\/image-43.png\" alt=\"\" class=\"wp-image-1026\" srcset=\"https:\/\/www.college-poincare-saverne.fr\/wp-content\/uploads\/2022\/11\/image-43.png 945w, https:\/\/www.college-poincare-saverne.fr\/wp-content\/uploads\/2022\/11\/image-43-300x200.png 300w, https:\/\/www.college-poincare-saverne.fr\/wp-content\/uploads\/2022\/11\/image-43-768x512.png 768w\" sizes=\"auto, (max-width: 945px) 100vw, 945px\" \/><\/figure>\n\n\n\n<figure class=\"wp-block-image size-large\"><img loading=\"lazy\" decoding=\"async\" width=\"945\" height=\"630\" data-id=\"1027\" src=\"https:\/\/www.college-poincare-saverne.fr\/wp-content\/uploads\/2022\/11\/image-44.png\" alt=\"\" class=\"wp-image-1027\" srcset=\"https:\/\/www.college-poincare-saverne.fr\/wp-content\/uploads\/2022\/11\/image-44.png 945w, https:\/\/www.college-poincare-saverne.fr\/wp-content\/uploads\/2022\/11\/image-44-300x200.png 300w, https:\/\/www.college-poincare-saverne.fr\/wp-content\/uploads\/2022\/11\/image-44-768x512.png 768w\" sizes=\"auto, (max-width: 945px) 100vw, 945px\" \/><\/figure>\n<\/figure>\n\n\n\n<p>L&rsquo;int\u00e9rieur du camp, t\u00e9moignages et peintures.<\/p>\n\n\n\n<figure class=\"wp-block-gallery has-nested-images columns-default is-cropped wp-block-gallery-12 is-layout-flex wp-block-gallery-is-layout-flex\">\n<figure class=\"wp-block-image size-large\"><img loading=\"lazy\" decoding=\"async\" width=\"945\" height=\"630\" data-id=\"1028\" src=\"https:\/\/www.college-poincare-saverne.fr\/wp-content\/uploads\/2022\/11\/image-45.png\" alt=\"\" class=\"wp-image-1028\" srcset=\"https:\/\/www.college-poincare-saverne.fr\/wp-content\/uploads\/2022\/11\/image-45.png 945w, https:\/\/www.college-poincare-saverne.fr\/wp-content\/uploads\/2022\/11\/image-45-300x200.png 300w, https:\/\/www.college-poincare-saverne.fr\/wp-content\/uploads\/2022\/11\/image-45-768x512.png 768w\" sizes=\"auto, (max-width: 945px) 100vw, 945px\" \/><\/figure>\n\n\n\n<figure class=\"wp-block-image size-large\"><img loading=\"lazy\" decoding=\"async\" width=\"945\" height=\"630\" data-id=\"1029\" src=\"https:\/\/www.college-poincare-saverne.fr\/wp-content\/uploads\/2022\/11\/image-46.png\" alt=\"\" class=\"wp-image-1029\" srcset=\"https:\/\/www.college-poincare-saverne.fr\/wp-content\/uploads\/2022\/11\/image-46.png 945w, https:\/\/www.college-poincare-saverne.fr\/wp-content\/uploads\/2022\/11\/image-46-300x200.png 300w, https:\/\/www.college-poincare-saverne.fr\/wp-content\/uploads\/2022\/11\/image-46-768x512.png 768w\" sizes=\"auto, (max-width: 945px) 100vw, 945px\" \/><\/figure>\n\n\n\n<figure class=\"wp-block-image size-large\"><img loading=\"lazy\" decoding=\"async\" width=\"945\" height=\"708\" data-id=\"1030\" src=\"https:\/\/www.college-poincare-saverne.fr\/wp-content\/uploads\/2022\/11\/image-47.png\" alt=\"\" class=\"wp-image-1030\" srcset=\"https:\/\/www.college-poincare-saverne.fr\/wp-content\/uploads\/2022\/11\/image-47.png 945w, https:\/\/www.college-poincare-saverne.fr\/wp-content\/uploads\/2022\/11\/image-47-300x225.png 300w, https:\/\/www.college-poincare-saverne.fr\/wp-content\/uploads\/2022\/11\/image-47-768x575.png 768w\" sizes=\"auto, (max-width: 945px) 100vw, 945px\" \/><\/figure>\n\n\n\n<figure class=\"wp-block-image size-large\"><img loading=\"lazy\" decoding=\"async\" width=\"945\" height=\"630\" data-id=\"1031\" src=\"https:\/\/www.college-poincare-saverne.fr\/wp-content\/uploads\/2022\/11\/image-48.png\" alt=\"\" class=\"wp-image-1031\" srcset=\"https:\/\/www.college-poincare-saverne.fr\/wp-content\/uploads\/2022\/11\/image-48.png 945w, https:\/\/www.college-poincare-saverne.fr\/wp-content\/uploads\/2022\/11\/image-48-300x200.png 300w, https:\/\/www.college-poincare-saverne.fr\/wp-content\/uploads\/2022\/11\/image-48-768x512.png 768w\" sizes=\"auto, (max-width: 945px) 100vw, 945px\" \/><\/figure>\n<\/figure>\n\n\n\n<p>La villa du directeur du camp, l&rsquo;auberge de l\u2019\u00e9poque, en face de la chambre \u00e0 gaz, la chambre \u00e0 gaz, ancienne salle des f\u00eates du village. <\/p>\n","protected":false},"excerpt":{"rendered":"<p>Vendredi 07 octobre et lundi 17 octobre 2022, les \u00e9l\u00e8ves de 3\u00e8me1 et de 3\u00e8me3 d\u2019abord, puis celles de 3\u00e8me2 et de 3\u00e8me4, ont pu renouer avec l\u2019Histoire de notre r\u00e9gion. Direction Schirmeck au bord de la Bruche. &nbsp;&nbsp;&nbsp;&nbsp;&nbsp;&nbsp;&nbsp; Une visite et une d\u00e9couverte du camp de concentration du Struthof \u00e0 Natzwiller pour la matin\u00e9e <a class=\"more-link\" href=\"https:\/\/www.college-poincare-saverne.fr\/?p=962\">Lire plus &#8230;<\/a><\/p>\n","protected":false},"author":1,"featured_media":963,"comment_status":"closed","ping_status":"closed","sticky":false,"template":"","format":"standard","meta":{"footnotes":""},"categories":[2,7],"tags":[],"class_list":["post-962","post","type-post","status-publish","format-standard","has-post-thumbnail","hentry","category-actualites","category-histoire-geographie"],"_links":{"self":[{"href":"https:\/\/www.college-poincare-saverne.fr\/index.php?rest_route=\/wp\/v2\/posts\/962","targetHints":{"allow":["GET"]}}],"collection":[{"href":"https:\/\/www.college-poincare-saverne.fr\/index.php?rest_route=\/wp\/v2\/posts"}],"about":[{"href":"https:\/\/www.college-poincare-saverne.fr\/index.php?rest_route=\/wp\/v2\/types\/post"}],"author":[{"embeddable":true,"href":"https:\/\/www.college-poincare-saverne.fr\/index.php?rest_route=\/wp\/v2\/users\/1"}],"replies":[{"embeddable":true,"href":"https:\/\/www.college-poincare-saverne.fr\/index.php?rest_route=%2Fwp%2Fv2%2Fcomments&post=962"}],"version-history":[{"count":2,"href":"https:\/\/www.college-poincare-saverne.fr\/index.php?rest_route=\/wp\/v2\/posts\/962\/revisions"}],"predecessor-version":[{"id":1032,"href":"https:\/\/www.college-poincare-saverne.fr\/index.php?rest_route=\/wp\/v2\/posts\/962\/revisions\/1032"}],"wp:featuredmedia":[{"embeddable":true,"href":"https:\/\/www.college-poincare-saverne.fr\/index.php?rest_route=\/wp\/v2\/media\/963"}],"wp:attachment":[{"href":"https:\/\/www.college-poincare-saverne.fr\/index.php?rest_route=%2Fwp%2Fv2%2Fmedia&parent=962"}],"wp:term":[{"taxonomy":"category","embeddable":true,"href":"https:\/\/www.college-poincare-saverne.fr\/index.php?rest_route=%2Fwp%2Fv2%2Fcategories&post=962"},{"taxonomy":"post_tag","embeddable":true,"href":"https:\/\/www.college-poincare-saverne.fr\/index.php?rest_route=%2Fwp%2Fv2%2Ftags&post=962"}],"curies":[{"name":"wp","href":"https:\/\/api.w.org\/{rel}","templated":true}]}}