{"id":953,"date":"2022-10-03T13:14:12","date_gmt":"2022-10-03T11:14:12","guid":{"rendered":"http:\/\/www.college-poincare-saverne.fr\/?p=953"},"modified":"2022-10-03T13:14:57","modified_gmt":"2022-10-03T11:14:57","slug":"elections-au-conseil-dadministration-du-college-des-representants-des-parents-deleves","status":"publish","type":"post","link":"https:\/\/www.college-poincare-saverne.fr\/?p=953","title":{"rendered":"Elections au Conseil d&rsquo;Administration du coll\u00e8ge des repr\u00e9sentants des parents d&rsquo;\u00e9l\u00e8ves"},"content":{"rendered":"\n<p>Le mat\u00e9riel de vote pour les \u00e9lections des repr\u00e9sentants de parent au Conseil d&rsquo;administration a \u00e9t\u00e9 distribu\u00e9 \u00e0 l\u2019a\u00een\u00e9.e des fratries avec un par repr\u00e9sentant l\u00e9gal, le vendredi 30\/09\/2022<\/p>\n\n\n\n<p>Les \u00e9lections ont lieu par correspondance entre le lundi 3 octobre et le vendredi 07 octobre 2022 : les \u00e9l\u00e8ves peuvent&nbsp;d\u00e9poser le bulletin de vote des responsables l\u00e9gaux dans l&rsquo;urne mise \u00e0 disposition dans le hall ou le bulletin peut \u00eatre envoy\u00e9 par la poste.&nbsp;<\/p>\n\n\n\n<p>Vous trouverez en pi\u00e8ce jointe le courrier accompagnant le mat\u00e9riel de vote.<\/p>\n\n\n\n<div class=\"wp-block-file\"><a id=\"wp-block-file--media-3747b0c3-a3d5-4a1a-a7d2-0ad93e42471d\" href=\"https:\/\/www.college-poincare-saverne.fr\/wp-content\/uploads\/2022\/10\/2022-courrier-dinformation-modalites-aux-parents.pdf\" target=\"_blank\" rel=\"noreferrer noopener\">2022-courrier-dinformation-modalites-aux-parents<\/a><a href=\"https:\/\/www.college-poincare-saverne.fr\/wp-content\/uploads\/2022\/10\/2022-courrier-dinformation-modalites-aux-parents.pdf\" class=\"wp-block-file__button\" download aria-describedby=\"wp-block-file--media-3747b0c3-a3d5-4a1a-a7d2-0ad93e42471d\">T\u00e9l\u00e9charger<\/a><\/div>\n","protected":false},"excerpt":{"rendered":"<p>Le mat\u00e9riel de vote pour les \u00e9lections des repr\u00e9sentants de parent au Conseil d&rsquo;administration a \u00e9t\u00e9 distribu\u00e9 \u00e0 l\u2019a\u00een\u00e9.e des fratries avec un par repr\u00e9sentant l\u00e9gal, le vendredi 30\/09\/2022 <a class=\"more-link\" href=\"https:\/\/www.college-poincare-saverne.fr\/?p=953\">Lire plus &#8230;<\/a><\/p>\n","protected":false},"author":2,"featured_media":954,"comment_status":"closed","ping_status":"closed","sticky":false,"template":"","format":"standard","meta":{"footnotes":""},"categories":[2,1],"tags":[],"class_list":["post-953","post","type-post","status-publish","format-standard","has-post-thumbnail","hentry","category-actualites","category-non-classe"],"_links":{"self":[{"href":"https:\/\/www.college-poincare-saverne.fr\/index.php?rest_route=\/wp\/v2\/posts\/953","targetHints":{"allow":["GET"]}}],"collection":[{"href":"https:\/\/www.college-poincare-saverne.fr\/index.php?rest_route=\/wp\/v2\/posts"}],"about":[{"href":"https:\/\/www.college-poincare-saverne.fr\/index.php?rest_route=\/wp\/v2\/types\/post"}],"author":[{"embeddable":true,"href":"https:\/\/www.college-poincare-saverne.fr\/index.php?rest_route=\/wp\/v2\/users\/2"}],"replies":[{"embeddable":true,"href":"https:\/\/www.college-poincare-saverne.fr\/index.php?rest_route=%2Fwp%2Fv2%2Fcomments&post=953"}],"version-history":[{"count":1,"href":"https:\/\/www.college-poincare-saverne.fr\/index.php?rest_route=\/wp\/v2\/posts\/953\/revisions"}],"predecessor-version":[{"id":956,"href":"https:\/\/www.college-poincare-saverne.fr\/index.php?rest_route=\/wp\/v2\/posts\/953\/revisions\/956"}],"wp:featuredmedia":[{"embeddable":true,"href":"https:\/\/www.college-poincare-saverne.fr\/index.php?rest_route=\/wp\/v2\/media\/954"}],"wp:attachment":[{"href":"https:\/\/www.college-poincare-saverne.fr\/index.php?rest_route=%2Fwp%2Fv2%2Fmedia&parent=953"}],"wp:term":[{"taxonomy":"category","embeddable":true,"href":"https:\/\/www.college-poincare-saverne.fr\/index.php?rest_route=%2Fwp%2Fv2%2Fcategories&post=953"},{"taxonomy":"post_tag","embeddable":true,"href":"https:\/\/www.college-poincare-saverne.fr\/index.php?rest_route=%2Fwp%2Fv2%2Ftags&post=953"}],"curies":[{"name":"wp","href":"https:\/\/api.w.org\/{rel}","templated":true}]}}