{"id":858,"date":"2022-09-03T20:33:18","date_gmt":"2022-09-03T18:33:18","guid":{"rendered":"http:\/\/www.college-poincare-saverne.fr\/?p=858"},"modified":"2022-09-03T20:33:20","modified_gmt":"2022-09-03T18:33:20","slug":"reunion-dinformation-pour-les-parents-de-6emes","status":"publish","type":"post","link":"https:\/\/www.college-poincare-saverne.fr\/?p=858","title":{"rendered":"R\u00e9union d&rsquo;information pour les parents de 6emes"},"content":{"rendered":"\n<p>Dans le cadre de la rentr\u00e9e, le Coll\u00e8ge Poincar\u00e9 vous convie \u00e0 une rencontre entre les parents d\u2019\u00e9l\u00e8ves et le professeur principal de votre enfant.<\/p>\n\n\n\n<p>En int\u00e9grant la classe de sixi\u00e8me, votre enfant vient de franchir une \u00e9tape importante dans sa scolarit\u00e9. Pour l\u2019accompagner au mieux dans cette nouvelle \u00e9tape je vous invite \u00e0 participer \u00e0 une r\u00e9union d\u2019information, organis\u00e9e par classe :<\/p>\n\n\n\n<p class=\"has-text-align-center\"><strong>Jeudi 8 septembre 2022 \u00e0 17h30<\/strong><\/p>\n\n\n\n<p class=\"has-text-align-center\"><strong>6\u00e8me1 Salle 102<\/strong><\/p>\n\n\n\n<p class=\"has-text-align-center\"><strong>6\u00e8me2 salle 103<\/strong><\/p>\n\n\n\n<p class=\"has-text-align-center\"><strong>6\u00e8me3 salle 104<\/strong><\/p>\n\n\n\n<p class=\"has-text-align-center\"><strong>6\u00e8me4 salle 105<\/strong><\/p>\n\n\n\n<p><strong>A 18h30 pour les parents int\u00e9ress\u00e9s conf\u00e9rence sur la th\u00e9matique des r\u00e9seaux sociaux, en Salle polyvalente du coll\u00e8ge.<\/strong><\/p>\n\n\n\n<p>Cette soir\u00e9e permettra de vous pr\u00e9senter<\/p>\n\n\n\n<p>o&nbsp;&nbsp;&nbsp;&nbsp;&nbsp;&nbsp;&nbsp;&nbsp;&nbsp; l\u2019organisation de l&rsquo;ann\u00e9e, le fonctionnement de l&rsquo;\u00e9tablissement<\/p>\n\n\n\n<p>o&nbsp;&nbsp;&nbsp;&nbsp;&nbsp;&nbsp;&nbsp;&nbsp;&nbsp; les attentes des \u00e9quipes, la communication avec les familles<\/p>\n\n\n\n<p>o&nbsp;&nbsp;&nbsp;&nbsp;&nbsp;&nbsp;&nbsp;&nbsp;&nbsp; les \u00e9lections des parents d\u2019\u00e9l\u00e8ves au conseil d\u2019administration<\/p>\n\n\n\n<p>Les codes Educonnect vous seront remis \u00e0 cette occasion pour vous permettre d\u2019acc\u00e9der en ligne aux applications li\u00e9es \u00e0 la scolarit\u00e9 de votre enfant, de faire diff\u00e9rentes d\u00e9marches en ligne notamment les demandes de bourses.<\/p>\n\n\n\n<p>Nos salles ne permettent pas d\u2019accueillir \u00e0 la fois les parents et les \u00e9l\u00e8ves, seuls les parents sont donc invit\u00e9s \u00e0 cette r\u00e9union.<\/p>\n\n\n\n<p>Comptant sur votre participation \u00e0 ce temps de rencontre, je vous prie de croire, Madame, Monsieur, en l\u2019expression de ma consid\u00e9ration d\u00e9vou\u00e9e au Service Public d\u2019Education,&nbsp;&nbsp;&nbsp;&nbsp;&nbsp;&nbsp;&nbsp;&nbsp;<\/p>\n\n\n\n<p>&nbsp;&nbsp;&nbsp;&nbsp;&nbsp;&nbsp;&nbsp;&nbsp;&nbsp;&nbsp;&nbsp;&nbsp;&nbsp;&nbsp;&nbsp;&nbsp;&nbsp;&nbsp;&nbsp;&nbsp;&nbsp;&nbsp;&nbsp;&nbsp;&nbsp;&nbsp;&nbsp;&nbsp;&nbsp;&nbsp;&nbsp;&nbsp;&nbsp;&nbsp;&nbsp;&nbsp;&nbsp;&nbsp;&nbsp;&nbsp;&nbsp;&nbsp;&nbsp;&nbsp;&nbsp;&nbsp;&nbsp;&nbsp;&nbsp;&nbsp;&nbsp;&nbsp;&nbsp;&nbsp;&nbsp;&nbsp;&nbsp;&nbsp;&nbsp;&nbsp;&nbsp;&nbsp;&nbsp;&nbsp;&nbsp;&nbsp;&nbsp;&nbsp;&nbsp;&nbsp;&nbsp;&nbsp;&nbsp;&nbsp;&nbsp;&nbsp;&nbsp;&nbsp;&nbsp;&nbsp;&nbsp; Muriel WEHRUNG &nbsp;&nbsp;&nbsp;&nbsp;&nbsp;&nbsp;&nbsp;&nbsp;&nbsp;&nbsp;&nbsp;&nbsp;&nbsp;&nbsp;&nbsp;&nbsp;&nbsp;&nbsp;&nbsp;&nbsp;&nbsp;&nbsp;&nbsp;&nbsp;&nbsp;&nbsp;&nbsp;&nbsp;&nbsp;&nbsp;&nbsp;&nbsp;&nbsp;&nbsp;&nbsp;&nbsp;&nbsp;&nbsp;&nbsp;&nbsp;&nbsp;&nbsp;&nbsp;&nbsp;&nbsp;&nbsp;&nbsp;&nbsp;&nbsp;&nbsp;&nbsp;&nbsp;&nbsp;&nbsp;&nbsp;&nbsp;&nbsp;&nbsp;&nbsp;&nbsp;&nbsp;&nbsp;&nbsp;&nbsp;&nbsp;&nbsp;&nbsp;&nbsp;&nbsp;&nbsp;&nbsp;&nbsp;&nbsp;&nbsp;&nbsp;&nbsp;&nbsp;&nbsp;&nbsp;&nbsp;&nbsp; Principale<\/p>\n","protected":false},"excerpt":{"rendered":"<p>Invitation de Mme Wehrung, Principale du coll\u00e8ge Poincar\u00e9 \u00e0 l&rsquo;intention des parents de 6\u00e8mes <a class=\"more-link\" href=\"https:\/\/www.college-poincare-saverne.fr\/?p=858\">Lire plus &#8230;<\/a><\/p>\n","protected":false},"author":2,"featured_media":859,"comment_status":"closed","ping_status":"closed","sticky":false,"template":"","format":"standard","meta":{"footnotes":""},"categories":[2],"tags":[],"class_list":["post-858","post","type-post","status-publish","format-standard","has-post-thumbnail","hentry","category-actualites"],"_links":{"self":[{"href":"https:\/\/www.college-poincare-saverne.fr\/index.php?rest_route=\/wp\/v2\/posts\/858","targetHints":{"allow":["GET"]}}],"collection":[{"href":"https:\/\/www.college-poincare-saverne.fr\/index.php?rest_route=\/wp\/v2\/posts"}],"about":[{"href":"https:\/\/www.college-poincare-saverne.fr\/index.php?rest_route=\/wp\/v2\/types\/post"}],"author":[{"embeddable":true,"href":"https:\/\/www.college-poincare-saverne.fr\/index.php?rest_route=\/wp\/v2\/users\/2"}],"replies":[{"embeddable":true,"href":"https:\/\/www.college-poincare-saverne.fr\/index.php?rest_route=%2Fwp%2Fv2%2Fcomments&post=858"}],"version-history":[{"count":1,"href":"https:\/\/www.college-poincare-saverne.fr\/index.php?rest_route=\/wp\/v2\/posts\/858\/revisions"}],"predecessor-version":[{"id":860,"href":"https:\/\/www.college-poincare-saverne.fr\/index.php?rest_route=\/wp\/v2\/posts\/858\/revisions\/860"}],"wp:featuredmedia":[{"embeddable":true,"href":"https:\/\/www.college-poincare-saverne.fr\/index.php?rest_route=\/wp\/v2\/media\/859"}],"wp:attachment":[{"href":"https:\/\/www.college-poincare-saverne.fr\/index.php?rest_route=%2Fwp%2Fv2%2Fmedia&parent=858"}],"wp:term":[{"taxonomy":"category","embeddable":true,"href":"https:\/\/www.college-poincare-saverne.fr\/index.php?rest_route=%2Fwp%2Fv2%2Fcategories&post=858"},{"taxonomy":"post_tag","embeddable":true,"href":"https:\/\/www.college-poincare-saverne.fr\/index.php?rest_route=%2Fwp%2Fv2%2Ftags&post=858"}],"curies":[{"name":"wp","href":"https:\/\/api.w.org\/{rel}","templated":true}]}}