{"id":852,"date":"2022-08-25T00:01:04","date_gmt":"2022-08-24T22:01:04","guid":{"rendered":"http:\/\/www.college-poincare-saverne.fr\/?p=852"},"modified":"2022-08-25T07:54:43","modified_gmt":"2022-08-25T05:54:43","slug":"annee-scolaire-2022-2023-covid-19","status":"publish","type":"post","link":"https:\/\/www.college-poincare-saverne.fr\/?p=852","title":{"rendered":"Ann\u00e9e scolaire 2022-2023 : covid-19"},"content":{"rendered":"\n<figure class=\"wp-block-image size-full\"><img loading=\"lazy\" decoding=\"async\" width=\"740\" height=\"912\" src=\"https:\/\/www.college-poincare-saverne.fr\/wp-content\/uploads\/2022\/08\/protocole_juillet-2022.png\" alt=\"\" class=\"wp-image-853\" srcset=\"https:\/\/www.college-poincare-saverne.fr\/wp-content\/uploads\/2022\/08\/protocole_juillet-2022.png 740w, https:\/\/www.college-poincare-saverne.fr\/wp-content\/uploads\/2022\/08\/protocole_juillet-2022-243x300.png 243w\" sizes=\"auto, (max-width: 740px) 100vw, 740px\" \/><\/figure>\n","protected":false},"excerpt":{"rendered":"<p>PROTOCOLE ET CADRE DE FONCTIONNEMENT : La d\u00e9termination du niveau applicable pourra concerner tout ou partie du territoire. Elle s\u2019appuiera sur une analyse qualitative (nature et caract\u00e9ristiques des variants) et quantitative (situation hospitali\u00e8re notamment) de la situation. En cas de renforcement du protocole au cours de l\u2019ann\u00e9e, il sera recherch\u00e9 un d\u00e9lai de mise en \u0153uvre de 10 jours. <a class=\"more-link\" href=\"https:\/\/www.college-poincare-saverne.fr\/?p=852\">Lire plus &#8230;<\/a><\/p>\n","protected":false},"author":2,"featured_media":853,"comment_status":"closed","ping_status":"closed","sticky":false,"template":"","format":"standard","meta":{"footnotes":""},"categories":[2],"tags":[],"class_list":["post-852","post","type-post","status-publish","format-standard","has-post-thumbnail","hentry","category-actualites"],"_links":{"self":[{"href":"https:\/\/www.college-poincare-saverne.fr\/index.php?rest_route=\/wp\/v2\/posts\/852","targetHints":{"allow":["GET"]}}],"collection":[{"href":"https:\/\/www.college-poincare-saverne.fr\/index.php?rest_route=\/wp\/v2\/posts"}],"about":[{"href":"https:\/\/www.college-poincare-saverne.fr\/index.php?rest_route=\/wp\/v2\/types\/post"}],"author":[{"embeddable":true,"href":"https:\/\/www.college-poincare-saverne.fr\/index.php?rest_route=\/wp\/v2\/users\/2"}],"replies":[{"embeddable":true,"href":"https:\/\/www.college-poincare-saverne.fr\/index.php?rest_route=%2Fwp%2Fv2%2Fcomments&post=852"}],"version-history":[{"count":2,"href":"https:\/\/www.college-poincare-saverne.fr\/index.php?rest_route=\/wp\/v2\/posts\/852\/revisions"}],"predecessor-version":[{"id":856,"href":"https:\/\/www.college-poincare-saverne.fr\/index.php?rest_route=\/wp\/v2\/posts\/852\/revisions\/856"}],"wp:featuredmedia":[{"embeddable":true,"href":"https:\/\/www.college-poincare-saverne.fr\/index.php?rest_route=\/wp\/v2\/media\/853"}],"wp:attachment":[{"href":"https:\/\/www.college-poincare-saverne.fr\/index.php?rest_route=%2Fwp%2Fv2%2Fmedia&parent=852"}],"wp:term":[{"taxonomy":"category","embeddable":true,"href":"https:\/\/www.college-poincare-saverne.fr\/index.php?rest_route=%2Fwp%2Fv2%2Fcategories&post=852"},{"taxonomy":"post_tag","embeddable":true,"href":"https:\/\/www.college-poincare-saverne.fr\/index.php?rest_route=%2Fwp%2Fv2%2Ftags&post=852"}],"curies":[{"name":"wp","href":"https:\/\/api.w.org\/{rel}","templated":true}]}}