{"id":839,"date":"2026-08-22T18:17:00","date_gmt":"2026-08-22T16:17:00","guid":{"rendered":"http:\/\/www.college-poincare-saverne.fr\/?p=839"},"modified":"2026-08-31T13:48:21","modified_gmt":"2026-08-31T11:48:21","slug":"rentree-2023-au-college-poincare","status":"publish","type":"post","link":"https:\/\/www.college-poincare-saverne.fr\/?p=839","title":{"rendered":"Rentr\u00e9e 2026 au coll\u00e8ge Poincar\u00e9"},"content":{"rendered":"\n<figure class=\"wp-block-image size-full\"><img loading=\"lazy\" decoding=\"async\" width=\"606\" height=\"408\" src=\"https:\/\/www.college-poincare-saverne.fr\/wp-content\/uploads\/2022\/08\/Reprise.png\" alt=\"\" class=\"wp-image-840\" srcset=\"https:\/\/www.college-poincare-saverne.fr\/wp-content\/uploads\/2022\/08\/Reprise.png 606w, https:\/\/www.college-poincare-saverne.fr\/wp-content\/uploads\/2022\/08\/Reprise-300x202.png 300w\" sizes=\"auto, (max-width: 606px) 100vw, 606px\" \/><\/figure>\n\n\n\n<p class=\"has-text-align-center wp-block-paragraph\"><strong>RENTREE SCOLAIRE 2026<\/strong><\/p>\n\n\n\n<p class=\"has-text-align-center wp-block-paragraph\"><strong>Coll\u00e8ge Poincar\u00e9 Saverne<\/strong><\/p>\n\n\n\n<h4 class=\"wp-block-heading has-text-align-center\">\u00a0 <strong><u>Accueil des \u00e9l\u00e8ves des classes de 6<\/u><sup><u>e<\/u><\/sup> <u>uniquement<\/u>\u00a0: \u00a0<\/strong><\/h4>\n\n\n\n<h4 class=\"wp-block-heading has-text-align-center\"><strong>Mardi 1er septembre 2026 de 7h50 \u00e0 11h50 et de 13h45 \u00e0 16h45<\/strong><\/h4>\n\n\n\n<h4 class=\"wp-block-heading has-text-align-center\"><strong>Les \u00e9l\u00e8ves de 6<sup>e<\/sup> inscrits \u00e0 la demi-pension prendront leur repas lundi 01\/09\/2025&nbsp;au restaurant scolaire du Lyc\u00e9e Leclerc<\/strong><\/h4>\n\n\n\n<h4 class=\"wp-block-heading has-text-align-center\"><strong>&nbsp;les parents des \u00e9l\u00e8ves de 6<sup>\u00e8me<\/sup> sont invit\u00e9s au coll\u00e8ge&nbsp;<\/strong><\/h4>\n\n\n\n<h4 class=\"wp-block-heading has-text-align-center\"><strong>le mardi 1er septembre de 7h50 \u00e0 10h :<\/strong><\/h4>\n\n\n\n<h4 class=\"wp-block-heading has-text-align-center\">&nbsp; pour assister \u00e0 une conf\u00e9rence sur le th\u00e8me de l\u2019accompagnement parental \u00e0 l\u2019usage des r\u00e9seaux sociaux par les jeunes \u00e9l\u00e8ves&nbsp;<\/h4>\n\n\n\n<p class=\"has-text-align-center wp-block-paragraph\">***<\/p>\n\n\n\n<h4 class=\"wp-block-heading has-text-align-center\"><strong><u>Accueil des \u00e9l\u00e8ves des classes de 5<\/u><sup><u>e<\/u><\/sup><u>, 4<\/u><sup><u>e<\/u><\/sup> <u>et 3<\/u><sup><u>e<\/u><\/sup> <u>uniquement<\/u>&nbsp;:<\/strong><\/h4>\n\n\n\n<h4 class=\"wp-block-heading has-text-align-center\"><strong>mercredi 2&nbsp;septembre 2025&nbsp;de 7h50 \u00e0 11h50<\/strong><\/h4>\n\n\n\n<h4 class=\"wp-block-heading has-text-align-center\">***<\/h4>\n\n\n\n<h4 class=\"wp-block-heading has-text-align-center\"><strong>Pour la journ\u00e9e de la rentr\u00e9e, il suffit d\u2019apporter de quoi \u00e9crire, une pochette avec des feuilles et <u>cahier de texte ou l\u2019agenda<\/u>,&nbsp;un sac suppl\u00e9mentaire pour transporter les manuels scolaires qui seront distribu\u00e9s.<\/strong><\/h4>\n\n\n\n<h4 class=\"wp-block-heading has-text-align-center\"><strong>&nbsp;&nbsp;&nbsp;&nbsp;&nbsp;&nbsp;&nbsp;&nbsp; Jeudi 03&nbsp;septembre 2025&nbsp;: cours pour TOUS les \u00e9l\u00e8ves selon leur emploi du temps.<\/strong><\/h4>\n\n\n\n<h4 class=\"wp-block-heading has-text-align-center\">La composition des classes sera communiqu\u00e9e&nbsp;<br>lors de l&rsquo;accueil des \u00e9l\u00e8ves.<\/h4>\n\n\n\n<h4 class=\"wp-block-heading has-text-align-center\"><em><strong>La demi-pension est assur\u00e9e pour toutes les classes \u00e0 partir&nbsp;<\/strong><\/em><br><em><strong>de jeudi 3 septembre 2025.<\/strong><\/em><\/h4>\n\n\n\n<h6 class=\"wp-block-heading has-text-align-left\"><strong><mark style=\"background-color:#e4741f\" class=\"has-inline-color\">Educonnect pour les responsables l\u00e9gaux des \u00e9l\u00e8ves de 6eme rentr\u00e9e 2025<\/mark><\/strong> : Les responsables l\u00e9gaux des \u00e9l\u00e8ves de 6eme rentr\u00e9e 2026 doivent actualiser leur compte Educonnect (compte avec lequel ils ont fait l&rsquo;inscription en ligne au coll\u00e8ge Poincar\u00e9) en se connectant \u00e0 Educonnect : <strong><a href=\"https:\/\/educonnect.education.gouv.fr\" target=\"_blank\" rel=\"noreferrer noopener\">educonnect.education.gouv.fr<\/a><\/strong> et <strong>en rattachant<\/strong> leur enfant au nouvel \u00e9tablissement, en <strong>confirmant<\/strong> leur adresse mail et le num\u00e9ro de t\u00e9l\u00e9phone.<\/h6>\n\n\n\n<p class=\"wp-block-paragraph\">Le fait d&rsquo;actualiser le compte permettra aux responsables l\u00e9gaux d&rsquo;acc\u00e9der \u00e0 MBN \u00e0 partir du mardi 01 septembre \u00e0 9h :\u00a0<strong><a href=\"https:\/\/clg-poincare-saverne.monbureaunumerique.fr\/\" target=\"_blank\" rel=\"noreferrer noopener\">clg-poincare-saverne.monbureaunumerique.fr\/<\/a><\/strong>pour consulter l&#8217;emploi du temps de leur enfant, le cahier de texte, la messagerie, les r\u00e9sultats scolaires&#8230;.<\/p>\n\n\n\n<p class=\"wp-block-paragraph\"><\/p>\n","protected":false},"excerpt":{"rendered":"<p>Les responsables l\u00e9gaux des \u00e9l\u00e8ves de 6eme rentr\u00e9e 2026 doivent actualiser leur compte Educonnect en se connectant \u00e0 Educonnect et en rattachant leur enfant au nouvel \u00e9tablissement, en confirmant leur adresse mail et le num\u00e9ro de t\u00e9l\u00e9phone. <a class=\"more-link\" href=\"https:\/\/www.college-poincare-saverne.fr\/?p=839\">Lire plus &#8230;<\/a><\/p>\n","protected":false},"author":2,"featured_media":840,"comment_status":"closed","ping_status":"closed","sticky":false,"template":"","format":"standard","meta":{"footnotes":""},"categories":[2],"tags":[],"class_list":["post-839","post","type-post","status-publish","format-standard","has-post-thumbnail","hentry","category-actualites"],"_links":{"self":[{"href":"https:\/\/www.college-poincare-saverne.fr\/index.php?rest_route=\/wp\/v2\/posts\/839","targetHints":{"allow":["GET"]}}],"collection":[{"href":"https:\/\/www.college-poincare-saverne.fr\/index.php?rest_route=\/wp\/v2\/posts"}],"about":[{"href":"https:\/\/www.college-poincare-saverne.fr\/index.php?rest_route=\/wp\/v2\/types\/post"}],"author":[{"embeddable":true,"href":"https:\/\/www.college-poincare-saverne.fr\/index.php?rest_route=\/wp\/v2\/users\/2"}],"replies":[{"embeddable":true,"href":"https:\/\/www.college-poincare-saverne.fr\/index.php?rest_route=%2Fwp%2Fv2%2Fcomments&post=839"}],"version-history":[{"count":25,"href":"https:\/\/www.college-poincare-saverne.fr\/index.php?rest_route=\/wp\/v2\/posts\/839\/revisions"}],"predecessor-version":[{"id":1732,"href":"https:\/\/www.college-poincare-saverne.fr\/index.php?rest_route=\/wp\/v2\/posts\/839\/revisions\/1732"}],"wp:featuredmedia":[{"embeddable":true,"href":"https:\/\/www.college-poincare-saverne.fr\/index.php?rest_route=\/wp\/v2\/media\/840"}],"wp:attachment":[{"href":"https:\/\/www.college-poincare-saverne.fr\/index.php?rest_route=%2Fwp%2Fv2%2Fmedia&parent=839"}],"wp:term":[{"taxonomy":"category","embeddable":true,"href":"https:\/\/www.college-poincare-saverne.fr\/index.php?rest_route=%2Fwp%2Fv2%2Fcategories&post=839"},{"taxonomy":"post_tag","embeddable":true,"href":"https:\/\/www.college-poincare-saverne.fr\/index.php?rest_route=%2Fwp%2Fv2%2Ftags&post=839"}],"curies":[{"name":"wp","href":"https:\/\/api.w.org\/{rel}","templated":true}]}}