{"id":811,"date":"2022-06-30T22:33:53","date_gmt":"2022-06-30T20:33:53","guid":{"rendered":"http:\/\/www.college-poincare-saverne.fr\/?p=811"},"modified":"2022-06-30T22:46:54","modified_gmt":"2022-06-30T20:46:54","slug":"fete-de-la-musique-2022","status":"publish","type":"post","link":"https:\/\/www.college-poincare-saverne.fr\/?p=811","title":{"rendered":"F\u00eate de la musique 2022"},"content":{"rendered":"\n<figure class=\"wp-block-image size-full\"><img loading=\"lazy\" decoding=\"async\" width=\"704\" height=\"644\" src=\"https:\/\/www.college-poincare-saverne.fr\/wp-content\/uploads\/2022\/06\/chorale2.png\" alt=\"\" class=\"wp-image-814\" srcset=\"https:\/\/www.college-poincare-saverne.fr\/wp-content\/uploads\/2022\/06\/chorale2.png 704w, https:\/\/www.college-poincare-saverne.fr\/wp-content\/uploads\/2022\/06\/chorale2-300x274.png 300w\" sizes=\"auto, (max-width: 704px) 100vw, 704px\" \/><\/figure>\n\n\n\n<p>La chorale du coll\u00e8ge Poincar\u00e9, apr\u00e8s un temps de repas convivial pris en commun, a interpr\u00e9t\u00e9 plusieurs pi\u00e8ces de son r\u00e9pertoire \u00ab Tr\u00e9sor \u00bb dans le hall du coll\u00e8ge.<\/p>\n\n\n\n<p>\u00a0Des photos en pi\u00e8ces jointes : <a rel=\"noreferrer noopener\" href=\"https:\/\/www.college-poincare-saverne.fr\/wp-content\/uploads\/2022\/06\/chorale-21-juin-Fete-de-la-musique-et-accueil-des-correspondants-allemands.pdf\" data-type=\"URL\" data-id=\"https:\/\/www.college-poincare-saverne.fr\/wp-content\/uploads\/2022\/06\/chorale-21-juin-Fete-de-la-musique-et-accueil-des-correspondants-allemands.pdf\" target=\"_blank\">ici<\/a><\/p>\n","protected":false},"excerpt":{"rendered":"<p>21 juin : Pour marquer les 40 ans de la F\u00eate de la Musique par un temps fort musical dans l\u2019\u00e9tablissement et pour ajouter un \u00e9v\u00e9nement musical \u00e0 l\u2019accueil des correspondants allemands de Donaueschingen <a class=\"more-link\" href=\"https:\/\/www.college-poincare-saverne.fr\/?p=811\">Lire plus &#8230;<\/a><\/p>\n","protected":false},"author":2,"featured_media":814,"comment_status":"closed","ping_status":"closed","sticky":false,"template":"","format":"standard","meta":{"footnotes":""},"categories":[8],"tags":[],"class_list":["post-811","post","type-post","status-publish","format-standard","has-post-thumbnail","hentry","category-education-musicale"],"_links":{"self":[{"href":"https:\/\/www.college-poincare-saverne.fr\/index.php?rest_route=\/wp\/v2\/posts\/811","targetHints":{"allow":["GET"]}}],"collection":[{"href":"https:\/\/www.college-poincare-saverne.fr\/index.php?rest_route=\/wp\/v2\/posts"}],"about":[{"href":"https:\/\/www.college-poincare-saverne.fr\/index.php?rest_route=\/wp\/v2\/types\/post"}],"author":[{"embeddable":true,"href":"https:\/\/www.college-poincare-saverne.fr\/index.php?rest_route=\/wp\/v2\/users\/2"}],"replies":[{"embeddable":true,"href":"https:\/\/www.college-poincare-saverne.fr\/index.php?rest_route=%2Fwp%2Fv2%2Fcomments&post=811"}],"version-history":[{"count":6,"href":"https:\/\/www.college-poincare-saverne.fr\/index.php?rest_route=\/wp\/v2\/posts\/811\/revisions"}],"predecessor-version":[{"id":822,"href":"https:\/\/www.college-poincare-saverne.fr\/index.php?rest_route=\/wp\/v2\/posts\/811\/revisions\/822"}],"wp:featuredmedia":[{"embeddable":true,"href":"https:\/\/www.college-poincare-saverne.fr\/index.php?rest_route=\/wp\/v2\/media\/814"}],"wp:attachment":[{"href":"https:\/\/www.college-poincare-saverne.fr\/index.php?rest_route=%2Fwp%2Fv2%2Fmedia&parent=811"}],"wp:term":[{"taxonomy":"category","embeddable":true,"href":"https:\/\/www.college-poincare-saverne.fr\/index.php?rest_route=%2Fwp%2Fv2%2Fcategories&post=811"},{"taxonomy":"post_tag","embeddable":true,"href":"https:\/\/www.college-poincare-saverne.fr\/index.php?rest_route=%2Fwp%2Fv2%2Ftags&post=811"}],"curies":[{"name":"wp","href":"https:\/\/api.w.org\/{rel}","templated":true}]}}