{"id":800,"date":"2022-06-30T11:40:00","date_gmt":"2022-06-30T09:40:00","guid":{"rendered":"http:\/\/www.college-poincare-saverne.fr\/?p=800"},"modified":"2022-07-01T09:24:26","modified_gmt":"2022-07-01T07:24:26","slug":"publication-des-resultats-du-dnb-session-juin-2022","status":"publish","type":"post","link":"https:\/\/www.college-poincare-saverne.fr\/?p=800","title":{"rendered":"Publication des r\u00e9sultats du DNB session juin 2022"},"content":{"rendered":"\n<p>Les r\u00e9sultats du DNB session juin 2022 seront publi\u00e9s \u00e0 la fin des travaux du jury de d\u00e9lib\u00e9rations, par affichage dans le coll\u00e8ge,&nbsp;<strong>au plus t\u00f4t vendredi 8 juillet en fin d&rsquo;apr\u00e8s-midi, au plus tard lundi 11 juillet,<\/strong>&nbsp;selon la date de mise \u00e0 disposition par le Rectorat.<\/p>\n\n\n\n<p>Les candidats auront acc\u00e8s \u00e0 la d\u00e9cision du jury sur le lien <a href=\"https:\/\/www.ac-strasbourg.fr\/examens-concours\/resultats-examens-concours\/\" target=\"_blank\" rel=\"noreferrer noopener\">https:\/\/www.ac-strasbourg.fr\/examens-concours\/resultats-examens-concours\/<\/a><\/p>\n\n\n\n<p><strong>Le num\u00e9ro de candidat est n\u00e9cessaire pour avoir acc\u00e8s aux notes obtenues<\/strong>. Ce num\u00e9ro figure en haut \u00e0 droite de la convocation. Il est diff\u00e9rent de l&rsquo;INE et du num\u00e9ro d&rsquo;inscription. Les candidats doivent<strong>\u00a0garder pr\u00e9cieusement la convocation pour acc\u00e9der aux r\u00e9sultats en ligne. Aucun r\u00e9sultat ni num\u00e9ro de candidat ne sera communiqu\u00e9 par le rectorat (ni par t\u00e9l\u00e9phone, ni par courriel).<\/strong><\/p>\n\n\n\n<p>Les relev\u00e9s de notes et les dipl\u00f4mes seront livr\u00e9s dans les \u00e9tablissements d&rsquo;origine au cours du 1er trimestre 2022-23.<\/p>\n\n\n\n<p>&nbsp;A tous les candidats, nous souhaitons de belles r\u00e9ussites.<\/p>\n\n\n\n<p>La principale<\/p>\n","protected":false},"excerpt":{"rendered":"<p>Les r\u00e9sultats du DNB session juin 2022 seront publi\u00e9s \u00e0 la fin des travaux du jury de d\u00e9lib\u00e9rations, par affichage dans le coll\u00e8ge,\u00a0au plus t\u00f4t vendredi 8 juillet en fin d&rsquo;apr\u00e8s-midi, au plus tard lundi 11 juillet. <a class=\"more-link\" href=\"https:\/\/www.college-poincare-saverne.fr\/?p=800\">Lire plus &#8230;<\/a><\/p>\n","protected":false},"author":2,"featured_media":802,"comment_status":"closed","ping_status":"closed","sticky":false,"template":"","format":"standard","meta":{"footnotes":""},"categories":[2],"tags":[],"class_list":["post-800","post","type-post","status-publish","format-standard","has-post-thumbnail","hentry","category-actualites"],"_links":{"self":[{"href":"https:\/\/www.college-poincare-saverne.fr\/index.php?rest_route=\/wp\/v2\/posts\/800","targetHints":{"allow":["GET"]}}],"collection":[{"href":"https:\/\/www.college-poincare-saverne.fr\/index.php?rest_route=\/wp\/v2\/posts"}],"about":[{"href":"https:\/\/www.college-poincare-saverne.fr\/index.php?rest_route=\/wp\/v2\/types\/post"}],"author":[{"embeddable":true,"href":"https:\/\/www.college-poincare-saverne.fr\/index.php?rest_route=\/wp\/v2\/users\/2"}],"replies":[{"embeddable":true,"href":"https:\/\/www.college-poincare-saverne.fr\/index.php?rest_route=%2Fwp%2Fv2%2Fcomments&post=800"}],"version-history":[{"count":6,"href":"https:\/\/www.college-poincare-saverne.fr\/index.php?rest_route=\/wp\/v2\/posts\/800\/revisions"}],"predecessor-version":[{"id":829,"href":"https:\/\/www.college-poincare-saverne.fr\/index.php?rest_route=\/wp\/v2\/posts\/800\/revisions\/829"}],"wp:featuredmedia":[{"embeddable":true,"href":"https:\/\/www.college-poincare-saverne.fr\/index.php?rest_route=\/wp\/v2\/media\/802"}],"wp:attachment":[{"href":"https:\/\/www.college-poincare-saverne.fr\/index.php?rest_route=%2Fwp%2Fv2%2Fmedia&parent=800"}],"wp:term":[{"taxonomy":"category","embeddable":true,"href":"https:\/\/www.college-poincare-saverne.fr\/index.php?rest_route=%2Fwp%2Fv2%2Fcategories&post=800"},{"taxonomy":"post_tag","embeddable":true,"href":"https:\/\/www.college-poincare-saverne.fr\/index.php?rest_route=%2Fwp%2Fv2%2Ftags&post=800"}],"curies":[{"name":"wp","href":"https:\/\/api.w.org\/{rel}","templated":true}]}}