{"id":746,"date":"2022-06-27T13:25:05","date_gmt":"2022-06-27T11:25:05","guid":{"rendered":"http:\/\/www.college-poincare-saverne.fr\/?p=746"},"modified":"2022-06-28T12:30:31","modified_gmt":"2022-06-28T10:30:31","slug":"%ef%bf%bc","status":"publish","type":"post","link":"https:\/\/www.college-poincare-saverne.fr\/?p=746","title":{"rendered":"Saverne &#8211; Bouxwiller : Les chorales des coll\u00e8ges renouent avec la sc\u00e8ne"},"content":{"rendered":"\n<figure class=\"wp-block-image size-full is-resized\"><img loading=\"lazy\" decoding=\"async\" src=\"https:\/\/www.college-poincare-saverne.fr\/wp-content\/uploads\/2022\/06\/image-7.png\" alt=\"\" class=\"wp-image-749\" width=\"602\" height=\"377\" srcset=\"https:\/\/www.college-poincare-saverne.fr\/wp-content\/uploads\/2022\/06\/image-7.png 602w, https:\/\/www.college-poincare-saverne.fr\/wp-content\/uploads\/2022\/06\/image-7-300x188.png 300w\" sizes=\"auto, (max-width: 602px) 100vw, 602px\" \/><figcaption>\u00ab Tr\u00e9sor \u00bb, le th\u00e8me du concert a permis aux \u00e9l\u00e8ves de r\u00e9fl\u00e9chir aux tr\u00e9sors dans leur vie et de partager cette d\u00e9couverte en chansons. Photo DNA<\/figcaption><\/figure>\n\n\n\n<p>Apr\u00e8s deux ann\u00e9es d\u2019absence sur sc\u00e8ne en raison de la pand\u00e9mie, les chorales du coll\u00e8ge du Bastberg de Bouxwiller, avec leur professeur d\u2019\u00e9ducation musicale V\u00e9ronique Roth, et du coll\u00e8ge Poincar\u00e9 de Saverne, avec leur professeur Christiane Batzenschlager, ont pu pr\u00e9senter leur programme commun travaill\u00e9 tout au long de l\u2019ann\u00e9e scolaire.<br>\u00ab Ce retour au concert a un sens tout particulier : c\u2019est un tr\u00e9sor ! La th\u00e9matique \u00e9tait trouv\u00e9e et \u00e9vidente ! Les choristes, environ 80 coll\u00e9giens et leurs enseignantes ont eu beaucoup de plaisir \u00e0 chanter de nouveau ensemble et sont heureux et fiers de partager ce travail vocal collectif \u00bb, se r\u00e9jouit Christiane Batzenschlager. \u00ab C\u2019est bien s\u00fbr aussi une mani\u00e8re de valoriser ce qu\u2019on fait et de donner envie de s\u2019inscrire pour l\u2019an prochain \u00e0 l\u2019option EFCC (enseignement facultatif de chant choral). \u00bb<br>Ainsi, le hall du coll\u00e8ge savernois r\u00e9sonnait dans toute son ampleur devant un public d\u2019\u00e9l\u00e8ves, de professeurs, de personnels de direction, administratifs, et tous les autres, dans une ambiance chaleureuse. Le concert donn\u00e9 deux jours apr\u00e8s dans la salle MarieHart de Bouxwiller \u00e9tait davantage un spectacle, une belle performance pour les choristes.<br>Dans le choix du programme de cette ann\u00e9e, apparaissent les \u00ab tr\u00e9sors \u00bb des \u00e9l\u00e8ves au quotidien : la nature, la famille, les amis, les sourires, les \u00e9clats de rire, les diff\u00e9rences\u2026<\/p>\n\n\n\n<p>plus de photos en cliquant <a href=\"https:\/\/www.college-poincare-saverne.fr\/wp-content\/uploads\/2022\/06\/RC-concert-Tresors-2022-3.pdf\" target=\"_blank\" rel=\"noreferrer noopener\">ici<\/a>. <\/p>\n\n\n\n<p><\/p>\n\n\n\n<p><\/p>\n\n\n\n<p><\/p>\n","protected":false},"excerpt":{"rendered":"<p>Apr\u00e8s deux ann\u00e9es d\u2019absence sur sc\u00e8ne en raison de la pand\u00e9mie, les chorales du coll\u00e8ge du Bastberg de Bouxwiller, avec leur professeur d\u2019\u00e9ducation musicale V\u00e9ronique Roth, et du coll\u00e8ge Poincar\u00e9 de Saverne, avec leur professeur Christiane Batzenschlager, ont pu pr\u00e9senter leur programme commun travaill\u00e9 tout au long de l\u2019ann\u00e9e scolaire.\u00ab Ce retour au concert a <a class=\"more-link\" href=\"https:\/\/www.college-poincare-saverne.fr\/?p=746\">Lire plus &#8230;<\/a><\/p>\n","protected":false},"author":2,"featured_media":749,"comment_status":"closed","ping_status":"closed","sticky":false,"template":"","format":"standard","meta":{"footnotes":""},"categories":[8],"tags":[],"class_list":["post-746","post","type-post","status-publish","format-standard","has-post-thumbnail","hentry","category-education-musicale"],"_links":{"self":[{"href":"https:\/\/www.college-poincare-saverne.fr\/index.php?rest_route=\/wp\/v2\/posts\/746","targetHints":{"allow":["GET"]}}],"collection":[{"href":"https:\/\/www.college-poincare-saverne.fr\/index.php?rest_route=\/wp\/v2\/posts"}],"about":[{"href":"https:\/\/www.college-poincare-saverne.fr\/index.php?rest_route=\/wp\/v2\/types\/post"}],"author":[{"embeddable":true,"href":"https:\/\/www.college-poincare-saverne.fr\/index.php?rest_route=\/wp\/v2\/users\/2"}],"replies":[{"embeddable":true,"href":"https:\/\/www.college-poincare-saverne.fr\/index.php?rest_route=%2Fwp%2Fv2%2Fcomments&post=746"}],"version-history":[{"count":7,"href":"https:\/\/www.college-poincare-saverne.fr\/index.php?rest_route=\/wp\/v2\/posts\/746\/revisions"}],"predecessor-version":[{"id":769,"href":"https:\/\/www.college-poincare-saverne.fr\/index.php?rest_route=\/wp\/v2\/posts\/746\/revisions\/769"}],"wp:featuredmedia":[{"embeddable":true,"href":"https:\/\/www.college-poincare-saverne.fr\/index.php?rest_route=\/wp\/v2\/media\/749"}],"wp:attachment":[{"href":"https:\/\/www.college-poincare-saverne.fr\/index.php?rest_route=%2Fwp%2Fv2%2Fmedia&parent=746"}],"wp:term":[{"taxonomy":"category","embeddable":true,"href":"https:\/\/www.college-poincare-saverne.fr\/index.php?rest_route=%2Fwp%2Fv2%2Fcategories&post=746"},{"taxonomy":"post_tag","embeddable":true,"href":"https:\/\/www.college-poincare-saverne.fr\/index.php?rest_route=%2Fwp%2Fv2%2Ftags&post=746"}],"curies":[{"name":"wp","href":"https:\/\/api.w.org\/{rel}","templated":true}]}}