{"id":719,"date":"2022-06-03T12:27:10","date_gmt":"2022-06-03T10:27:10","guid":{"rendered":"http:\/\/www.college-poincare-saverne.fr\/?p=719"},"modified":"2022-06-03T12:28:49","modified_gmt":"2022-06-03T10:28:49","slug":"rencontre-linguistique-entre-collegiens-avec-simone-morgenthaler","status":"publish","type":"post","link":"https:\/\/www.college-poincare-saverne.fr\/?p=719","title":{"rendered":"Rencontre linguistique entre coll\u00e9giens avec Simone Morgenthaler"},"content":{"rendered":"<div class=\"wp-block-image\">\n<figure class=\"aligncenter size-full\"><img loading=\"lazy\" decoding=\"async\" width=\"419\" height=\"297\" src=\"https:\/\/www.college-poincare-saverne.fr\/wp-content\/uploads\/2022\/06\/image-1.png\" alt=\"\" class=\"wp-image-721\" srcset=\"https:\/\/www.college-poincare-saverne.fr\/wp-content\/uploads\/2022\/06\/image-1.png 419w, https:\/\/www.college-poincare-saverne.fr\/wp-content\/uploads\/2022\/06\/image-1-300x213.png 300w\" sizes=\"auto, (max-width: 419px) 100vw, 419px\" \/><\/figure>\n<\/div>\n\n\n<p>Hopla Ga\u00efs&nbsp;! Ca y est&nbsp;! Le projet d&rsquo;inviter une star de la t\u00e9l\u00e9 s&rsquo;est r\u00e9alis\u00e9 en ce lundi 9 mai 2022 au coll\u00e8ge Poincar\u00e9 de Saverne. En effet apr\u00e8s une premi\u00e8re tentative en septembre 2020 , l&rsquo;attente a \u00e9t\u00e9 rallong\u00e9e par la pand\u00e9mie qui est pass\u00e9e par l\u00e0. Mais \u00e0 aucun moment il \u00e9tait question d&rsquo;abandonner le projet. C&rsquo;est ainsi que nous avons accueilli , les \u00e9l\u00e8ves et leurs professeurs, avec joie et bonne humeur la c\u00e9l\u00e8bre animatrice de l&rsquo;\u00e9mission \u00ab<em>&nbsp; S\u00fbr un Siess&nbsp;\u00bb<\/em> sur France 3 Alsace Mme Simone Morgenthaler&nbsp;!<\/p>\n\n\n<div class=\"wp-block-image\">\n<figure class=\"aligncenter size-full is-resized\"><img loading=\"lazy\" decoding=\"async\" src=\"https:\/\/www.college-poincare-saverne.fr\/wp-content\/uploads\/2022\/06\/image-2.png\" alt=\"\" class=\"wp-image-722\" width=\"389\" height=\"485\" srcset=\"https:\/\/www.college-poincare-saverne.fr\/wp-content\/uploads\/2022\/06\/image-2.png 642w, https:\/\/www.college-poincare-saverne.fr\/wp-content\/uploads\/2022\/06\/image-2-241x300.png 241w\" sizes=\"auto, (max-width: 389px) 100vw, 389px\" \/><figcaption>Photo L\u2019Alsace<\/figcaption><\/figure>\n<\/div>\n\n\n<p>Dans le cadre de la promotion de cette option aupr\u00e8s des \u00e9l\u00e8ves de 6<sup>e<\/sup>, les jeunes investis dans ce cours ont chant\u00e9 en alsacien, \u00ab s\u2019Kanguruled \u00bb (la chanson du kangourou) et \u00ab D\u00e8 Boby isch \u00e8 Dr\u00e0che\u00bb (Boby est un dragon), des chansons de Serge Rieger puis ont jou\u00e9 des sayn\u00e8tes de la vie quotidienne, tels une conversation dans la rue \u00ab wie geht d\u2019s dann ? \u00bb(comment \u00e7a va&nbsp;?), un rendez-vous chez le m\u00e9decin \u00ab Ja do hon\u00e8r all\u00e8waj rumodiss\u00e9 !(oh la la, vous avez s\u00fbrement des rhumatismes) \u00bb, une discussion \u00e0 la boulangerie \u00ab \u00e9ch h\u00e9t garrn \u00e8 Schok\u00e8loh W\u00e9g\u00e8l wenns b\u00e8liebt ! \u00bb (j\u2019aimerai un petit pain au chocolat, s\u2019il-vous-pla\u00eet) Ensuite, ils ont interpr\u00eat\u00e9 des po\u00e8mes de c\u00e9l\u00e8bres \u00e9crivains alsaciens, illustr\u00e9s par des dessins \u00e0 la mani\u00e8re d&rsquo;un Kamishibai tels que&nbsp;: \u00ab D\u2019Heimetsproch (la langue de chez nous), \u00ab Wo gehn d\u2019Werter \u00e0nne (o\u00f9 vont les mots) et \u00ab Nemm mich noch emol \u00f9f d\u2019Schoss \u00bb (prends-moi encore une fois sur les genoux).<\/p>\n\n\n\n<p>Simone Morgenthaler, l\u2019ancienne journaliste, \u00e9crivaine, animatrice de radio France bleu Elsass et de la t\u00e9l\u00e9vision France 3 Alsace, pendant 40 ans, alsacienne de naissance et de c\u0153ur, \u00e9tant all\u00e9e \u00e0 des retrouvailles avec des alsaciens vivant au Texas et en Californie, \u00e9tait ravie de constater l\u2019enthousiasme des \u00e9l\u00e8ves \u00e0 propos de l\u2019alsacien et de l\u2019investissement des professeures v\u00eatues pour l\u2019occasion du beau costume alsacien. Elle f\u00e9licite les \u00e9l\u00e8ves et \u00e9change avec eux, exprimant son amour pour la langue alsacienne \u00ab qui vit si on la parle, qui meurt si on l\u2019oublie. Notre langue est d\u2019une richesse exceptionnelle, notamment pour dire la tendresse et l\u2019amour, et m\u00eame des gros mots savoureux ! \u00bb<\/p>\n\n\n<div class=\"wp-block-image\">\n<figure class=\"aligncenter size-full\"><img loading=\"lazy\" decoding=\"async\" width=\"600\" height=\"400\" src=\"https:\/\/www.college-poincare-saverne.fr\/wp-content\/uploads\/2022\/06\/image-3.png\" alt=\"\" class=\"wp-image-723\" srcset=\"https:\/\/www.college-poincare-saverne.fr\/wp-content\/uploads\/2022\/06\/image-3.png 600w, https:\/\/www.college-poincare-saverne.fr\/wp-content\/uploads\/2022\/06\/image-3-300x200.png 300w\" sizes=\"auto, (max-width: 600px) 100vw, 600px\" \/><figcaption>Simone Morgenthaler et sa fille Lucille Uhlrich \u2013 photo A. Rapp \/ France T\u00e9l\u00e9visions<\/figcaption><\/figure>\n<\/div>\n\n\n<p>L\u2019\u00e9crivaine compte 25 livres \u00e0 son actif, dont des livres de recettes anciennes. Simone Morgenthaler traduit aussi des po\u00e8mes en alsacien, comme ceux de Jacques Pr\u00e9vert.<\/p>\n\n\n\n<p>SIMONE MORGENTHALER a durant de nombreuses ann\u00e9es anim\u00e9 \u00e9missions t\u00e9l\u00e9 et radio, mais sa grande passion est l&rsquo;\u00e9criture. Elle a publi\u00e9 de nombreux livres de cuisine, romans, histoires pour enfant&#8230; avec toujours \u00e0 c\u0153ur de mettre l&rsquo;Alsace en avant.<\/p>\n\n\n\n<p>Alors que le dialecte alsacien disparait progressivement, Simone Morgenthaler monte au cr\u00e9neau et s&rsquo;attache \u00e0 apporter sa contribution pour sauver sa ch\u00e8re langue. Un travail de m\u00e9moire pour sa fille et tous les enfants d&rsquo;Alsace. Ce livre est le premier opus d&rsquo;une s\u00e9rie de trois ouvrages: Simone a fouill\u00e9 dans sa m\u00e9moire pour faire rejaillir les mots tendres qu&rsquo;elle entendait enfant. Des plus communs aux plus sp\u00e9cifiques de son village de Haegen, \u00e0 c\u00f4t\u00e9 de Saverne, elle leur redonne vie pour le plus grand plaisir de ses lecteurs.<\/p>\n\n\n\n<p>Ses derniers ouvrages, une trilogie sur la langue d\u2019Alsace, l\u2019alsacien, s\u2019intitulent&nbsp;:<\/p>\n\n\n\n<ul class=\"wp-block-list\"><li>\u00ab Nos mots doux : Unseri schm\u00fcswertle \u00bb, con\u00e7u avec sa fille Lucille Uhlrich, artiste<\/li><li>\u00ab Nos mots cochons : Unseri Drackwerter \u00bb<\/li><li>\u00ab&nbsp;Nos gros mots&nbsp;: Unseri Grosswerter \u00bb&nbsp;, \u00e0 para\u00eetre<\/li><\/ul>\n\n\n\n<p>Des livres intimes pour laisser un h\u00e9ritage de sa langue maternelle et la sauver. Simone Morgenthaler invite les \u00e9l\u00e8ves \u00e0 lire, \u00e0 s\u2019adonner \u00e0 l\u2019\u00e9criture \u00ab qui fait sortir des mots comme un tr\u00e9sor, \u00bb et \u00ab \u00e0 ne pas perdre nos racines. \u00bb En pr\u00e9sence de la Principale Muriel Wehrung, qui se r\u00e9jouit de ce temps fort, formateur pour les \u00e9l\u00e8ves , des coll\u00e9giens demandent des d\u00e9dicaces que l\u2019autrice \u00e9crit avec gentillesse et douceur, ravie de leur int\u00e9r\u00eat.<\/p>\n\n\n\n<figure class=\"wp-block-image size-full\"><img loading=\"lazy\" decoding=\"async\" width=\"870\" height=\"489\" src=\"https:\/\/www.college-poincare-saverne.fr\/wp-content\/uploads\/2022\/06\/image-4.png\" alt=\"\" class=\"wp-image-724\" srcset=\"https:\/\/www.college-poincare-saverne.fr\/wp-content\/uploads\/2022\/06\/image-4.png 870w, https:\/\/www.college-poincare-saverne.fr\/wp-content\/uploads\/2022\/06\/image-4-300x169.png 300w, https:\/\/www.college-poincare-saverne.fr\/wp-content\/uploads\/2022\/06\/image-4-768x432.png 768w, https:\/\/www.college-poincare-saverne.fr\/wp-content\/uploads\/2022\/06\/image-4-350x197.png 350w, https:\/\/www.college-poincare-saverne.fr\/wp-content\/uploads\/2022\/06\/image-4-528x297.png 528w, https:\/\/www.college-poincare-saverne.fr\/wp-content\/uploads\/2022\/06\/image-4-860x484.png 860w\" sizes=\"auto, (max-width: 870px) 100vw, 870px\" \/><figcaption>Lammele, Mockele, D\u00fcdderle, Liewele, Scheefel, Kaferle, Schm\u00fcskatzel&#8230; Le lexique se propose de faire d\u00e9couvrir ou de rappeler le sens de ces mots doux de l\u2019enfance que beaucoup d\u2019Alsaciens prononcent encore aujourd\u2019hui avec bonheur. Ces mots sommeillent en nous en veilleurs bienveillants. Il suffit de les dire pour qu\u2019ils s\u2019animent, comme des papillons primesautiers et soyeux, et nous rappellent la force et la beaut\u00e9 de la langue maternelle d\u2019Alsace.<\/figcaption><\/figure>\n\n\n<div class=\"wp-block-image\">\n<figure class=\"aligncenter size-full\"><img loading=\"lazy\" decoding=\"async\" width=\"150\" height=\"211\" src=\"https:\/\/www.college-poincare-saverne.fr\/wp-content\/uploads\/2022\/06\/image-5.png\" alt=\"\" class=\"wp-image-725\"\/><\/figure>\n<\/div>\n\n\n<p>La langue alsacienne poss\u00e8de une richesse inou\u00efe pour dire les choses de l&rsquo;amour et du corps, en mots os\u00e9s que les adultes chuchotent et qui troublent les enfants car ils touchent un monde inconnu et interdit&nbsp;: .\u00e0rschjodler, Bettbohrer, D\u00e0meb\u00e0rt, Dr\u00fcesseschmirer, Fickmihl, F\u00f9tzeschlacker, Gen\u00f9ssw\u00f9rzel, S\u00ebichbangel, Oferohrp\u00f9tzer, etc&#8230;des mots dr\u00f4les, fringants et insolents. Les mots r\u00e9unis en ce br\u00e9viaire montrent la verdeur et la fringance du tr\u00e9sor linguistique d&rsquo;une langue mill\u00e9naire.<\/p>\n\n\n\n<p><strong>Un grand merci \u00e0 Mme Wehrung <\/strong>, notre principale du coll\u00e8ge, d&rsquo;avoir permis aux \u00e9l\u00e8ves de r\u00e9aliser ce beau projet , qui j&rsquo;esp\u00e8re en apellera d&rsquo;autres&nbsp;!<\/p>\n\n\n<div class=\"wp-block-image\">\n<figure class=\"aligncenter size-large\"><img loading=\"lazy\" decoding=\"async\" width=\"1024\" height=\"682\" src=\"https:\/\/www.college-poincare-saverne.fr\/wp-content\/uploads\/2022\/06\/image-6-1024x682.png\" alt=\"\" class=\"wp-image-726\" srcset=\"https:\/\/www.college-poincare-saverne.fr\/wp-content\/uploads\/2022\/06\/image-6-1024x682.png 1024w, https:\/\/www.college-poincare-saverne.fr\/wp-content\/uploads\/2022\/06\/image-6-300x200.png 300w, https:\/\/www.college-poincare-saverne.fr\/wp-content\/uploads\/2022\/06\/image-6-768x512.png 768w, https:\/\/www.college-poincare-saverne.fr\/wp-content\/uploads\/2022\/06\/image-6.png 1385w\" sizes=\"auto, (max-width: 1024px) 100vw, 1024px\" \/><figcaption><br>@page { size: 21cm 29.7cm; margin: 2cm } p { margin-bottom: 0.21cm; direction: ltr; color: #000000; orphans: 2; widows: 2; background: transparent }<br>Chants et danses avec les \u00e9l\u00e8ves de LCR niveau 5\u00e8me et Mmes Kremser et Mehl.<\/figcaption><\/figure>\n<\/div>","protected":false},"excerpt":{"rendered":"<p>Hopla Ga\u00efs&nbsp;! Ca y est&nbsp;! Le projet d&rsquo;inviter une star de la t\u00e9l\u00e9 s&rsquo;est r\u00e9alis\u00e9 en ce lundi 9 mai 2022 au coll\u00e8ge Poincar\u00e9 de Saverne. En effet apr\u00e8s une premi\u00e8re tentative en septembre 2020 , l&rsquo;attente a \u00e9t\u00e9 rallong\u00e9e par la pand\u00e9mie qui est pass\u00e9e par l\u00e0. Mais \u00e0 aucun moment il \u00e9tait question <a class=\"more-link\" href=\"https:\/\/www.college-poincare-saverne.fr\/?p=719\">Lire plus &#8230;<\/a><\/p>\n","protected":false},"author":1,"featured_media":722,"comment_status":"closed","ping_status":"closed","sticky":false,"template":"","format":"standard","meta":{"footnotes":""},"categories":[9],"tags":[],"class_list":["post-719","post","type-post","status-publish","format-standard","has-post-thumbnail","hentry","category-lcr"],"_links":{"self":[{"href":"https:\/\/www.college-poincare-saverne.fr\/index.php?rest_route=\/wp\/v2\/posts\/719","targetHints":{"allow":["GET"]}}],"collection":[{"href":"https:\/\/www.college-poincare-saverne.fr\/index.php?rest_route=\/wp\/v2\/posts"}],"about":[{"href":"https:\/\/www.college-poincare-saverne.fr\/index.php?rest_route=\/wp\/v2\/types\/post"}],"author":[{"embeddable":true,"href":"https:\/\/www.college-poincare-saverne.fr\/index.php?rest_route=\/wp\/v2\/users\/1"}],"replies":[{"embeddable":true,"href":"https:\/\/www.college-poincare-saverne.fr\/index.php?rest_route=%2Fwp%2Fv2%2Fcomments&post=719"}],"version-history":[{"count":2,"href":"https:\/\/www.college-poincare-saverne.fr\/index.php?rest_route=\/wp\/v2\/posts\/719\/revisions"}],"predecessor-version":[{"id":729,"href":"https:\/\/www.college-poincare-saverne.fr\/index.php?rest_route=\/wp\/v2\/posts\/719\/revisions\/729"}],"wp:featuredmedia":[{"embeddable":true,"href":"https:\/\/www.college-poincare-saverne.fr\/index.php?rest_route=\/wp\/v2\/media\/722"}],"wp:attachment":[{"href":"https:\/\/www.college-poincare-saverne.fr\/index.php?rest_route=%2Fwp%2Fv2%2Fmedia&parent=719"}],"wp:term":[{"taxonomy":"category","embeddable":true,"href":"https:\/\/www.college-poincare-saverne.fr\/index.php?rest_route=%2Fwp%2Fv2%2Fcategories&post=719"},{"taxonomy":"post_tag","embeddable":true,"href":"https:\/\/www.college-poincare-saverne.fr\/index.php?rest_route=%2Fwp%2Fv2%2Ftags&post=719"}],"curies":[{"name":"wp","href":"https:\/\/api.w.org\/{rel}","templated":true}]}}