{"id":653,"date":"2022-05-13T17:11:07","date_gmt":"2022-05-13T15:11:07","guid":{"rendered":"http:\/\/www.college-poincare-saverne.fr\/?p=653"},"modified":"2022-05-16T12:20:12","modified_gmt":"2022-05-16T10:20:12","slug":"pose-de-13-stolpersteine","status":"publish","type":"post","link":"https:\/\/www.college-poincare-saverne.fr\/?p=653","title":{"rendered":"Pose de 13 Stolpersteine"},"content":{"rendered":"\n<p><strong>POSE DE 13 STOLPERSTEINE DEVANT 8 DOMICILES A SAVERNE LE 4 AVRIL 2022<\/strong><\/p>\n\n\n\n<p>Apr\u00e8s de longues recherches, de lectures, de r\u00e9daction des biographies de 13 personnes victimes de la Shoah, originaires de Saverne, le JOUR J est arriv\u00e9&nbsp;! Le 4 avril 2022, les \u00e9l\u00e8ves de 3<sup>e<\/sup>2 et les 5<sup>e<\/sup> de LCR ont particip\u00e9 \u00e0 l\u2019\u00e9v\u00e9nement historique \u00e0 Saverne, la pose de 13 STOLPERSTEINE devant le dernier domicile des victimes, les Pav\u00e9s de M\u00e9moire,<\/p>\n\n\n\n<ul class=\"wp-block-list\"><li>avec Les professeurs du coll\u00e8ge, Fr\u00e9d\u00e9ric MODER ,Christelle MEHL et leurs \u00e9l\u00e8ves, M\u00e9lodie Vogler, Nathalie Ettlinger et Nathalie Risch<\/li><li>avec le pr\u00e9sident de l\u2019association \u00ab&nbsp;Stolpersteine&nbsp;\u00bb fran\u00e7aise, Christophe WOEHRLE<\/li><li>avec l\u2019artiste cr\u00e9ateur des Stolpersteine, Gunther DEMNIG<\/li><li>avec des \u00e9lus, Fran\u00e7ois Schaeffer-adjoint \u00e0 la culture, St\u00e9phane Leyenberger-maire de Saverne, Patrick Hetzel-d\u00e9put\u00e9<\/li><li>avec le pr\u00e9sident de la communaut\u00e9 isra\u00e9lite de Saverne, Alain KAHN<\/li><li>avec Michel Rothe, venu sp\u00e9cialement d\u2019Isra\u00ebl<\/li><li>avec les FAMILLES des personnes victimes de la Shoa<\/li><\/ul>\n\n\n\n<p><strong>ANSELME BLOCH \u2013 17 rue de la C\u00f4te \u2013 n\u00e9 en 1890, assassin\u00e9 \u00e0 Auschwitz en 1942 \u2013 commer\u00e7ant \u00e0 Saverne \u2013 mari de Marguerite et p\u00e8re d\u2019Odette<\/strong><\/p>\n\n\n\n<figure class=\"wp-block-image size-full\"><img loading=\"lazy\" decoding=\"async\" width=\"969\" height=\"451\" src=\"https:\/\/www.college-poincare-saverne.fr\/wp-content\/uploads\/2022\/05\/image-2.png\" alt=\"\" class=\"wp-image-656\" srcset=\"https:\/\/www.college-poincare-saverne.fr\/wp-content\/uploads\/2022\/05\/image-2.png 969w, https:\/\/www.college-poincare-saverne.fr\/wp-content\/uploads\/2022\/05\/image-2-300x140.png 300w, https:\/\/www.college-poincare-saverne.fr\/wp-content\/uploads\/2022\/05\/image-2-768x357.png 768w\" sizes=\"auto, (max-width: 969px) 100vw, 969px\" \/><\/figure>\n\n\n\n<figure class=\"wp-block-image size-large\"><img loading=\"lazy\" decoding=\"async\" width=\"1024\" height=\"344\" src=\"https:\/\/www.college-poincare-saverne.fr\/wp-content\/uploads\/2022\/05\/image-3-1024x344.png\" alt=\"\" class=\"wp-image-657\" srcset=\"https:\/\/www.college-poincare-saverne.fr\/wp-content\/uploads\/2022\/05\/image-3-1024x344.png 1024w, https:\/\/www.college-poincare-saverne.fr\/wp-content\/uploads\/2022\/05\/image-3-300x101.png 300w, https:\/\/www.college-poincare-saverne.fr\/wp-content\/uploads\/2022\/05\/image-3-768x258.png 768w, https:\/\/www.college-poincare-saverne.fr\/wp-content\/uploads\/2022\/05\/image-3.png 1469w\" sizes=\"auto, (max-width: 1024px) 100vw, 1024px\" \/><\/figure>\n\n\n\n<p><\/p>\n\n\n\n<p><strong>ALBERT, GERMAINE et LEOPOLD MEYER \u2013 9 rue de la C\u00f4te \u2013 Albert, n\u00e9 en 1909, assassin\u00e9 \u00e0 Buchenwald en 1944 \u2013 Germaine, son \u00e9pouse, n\u00e9e en 1913, assassin\u00e9e \u00e0 Auschwitz en 1943 \u2013 L\u00e9opold, son fr\u00e8re a\u00een\u00e9, n\u00e9 en 1904, assassin\u00e9 \u00e0 Auschwitz en 1943.<\/strong><\/p>\n\n\n\n<figure class=\"wp-block-image size-large\"><img loading=\"lazy\" decoding=\"async\" width=\"1024\" height=\"682\" src=\"https:\/\/www.college-poincare-saverne.fr\/wp-content\/uploads\/2022\/05\/image-4-1024x682.png\" alt=\"\" class=\"wp-image-658\" srcset=\"https:\/\/www.college-poincare-saverne.fr\/wp-content\/uploads\/2022\/05\/image-4-1024x682.png 1024w, https:\/\/www.college-poincare-saverne.fr\/wp-content\/uploads\/2022\/05\/image-4-300x200.png 300w, https:\/\/www.college-poincare-saverne.fr\/wp-content\/uploads\/2022\/05\/image-4-768x512.png 768w, https:\/\/www.college-poincare-saverne.fr\/wp-content\/uploads\/2022\/05\/image-4.png 1385w\" sizes=\"auto, (max-width: 1024px) 100vw, 1024px\" \/><\/figure>\n\n\n\n<figure class=\"wp-block-image size-large\"><img loading=\"lazy\" decoding=\"async\" width=\"1024\" height=\"344\" src=\"https:\/\/www.college-poincare-saverne.fr\/wp-content\/uploads\/2022\/05\/image-5-1024x344.png\" alt=\"\" class=\"wp-image-659\" srcset=\"https:\/\/www.college-poincare-saverne.fr\/wp-content\/uploads\/2022\/05\/image-5-1024x344.png 1024w, https:\/\/www.college-poincare-saverne.fr\/wp-content\/uploads\/2022\/05\/image-5-300x101.png 300w, https:\/\/www.college-poincare-saverne.fr\/wp-content\/uploads\/2022\/05\/image-5-768x258.png 768w, https:\/\/www.college-poincare-saverne.fr\/wp-content\/uploads\/2022\/05\/image-5.png 1469w\" sizes=\"auto, (max-width: 1024px) 100vw, 1024px\" \/><\/figure>\n\n\n\n<p><strong>SILVAIN, MARCEL et BERTRAND KAHN \u2013 5 Grand Rue &#8211; 3 fr\u00e8res d\u00e9port\u00e9s&nbsp;: Silvain n\u00e9 en 1912, lib\u00e9r\u00e9 de Flossenburg en 1945 \u2013 Marcel n\u00e9 en 1914, lib\u00e9r\u00e9 de Blechhammer en 1945 \u2013 Bertrand, n\u00e9 en 1915, assassin\u00e9 \u00e0 Gleiwitz en 1944 (battu \u00e0 mort par un gardien avec le manche d\u2019une pioche)<\/strong><\/p>\n\n\n\n<figure class=\"wp-block-image size-large\"><img loading=\"lazy\" decoding=\"async\" width=\"1024\" height=\"683\" src=\"https:\/\/www.college-poincare-saverne.fr\/wp-content\/uploads\/2022\/05\/image-6-1024x683.png\" alt=\"\" class=\"wp-image-660\" srcset=\"https:\/\/www.college-poincare-saverne.fr\/wp-content\/uploads\/2022\/05\/image-6-1024x683.png 1024w, https:\/\/www.college-poincare-saverne.fr\/wp-content\/uploads\/2022\/05\/image-6-300x200.png 300w, https:\/\/www.college-poincare-saverne.fr\/wp-content\/uploads\/2022\/05\/image-6-768x512.png 768w, https:\/\/www.college-poincare-saverne.fr\/wp-content\/uploads\/2022\/05\/image-6.png 1207w\" sizes=\"auto, (max-width: 1024px) 100vw, 1024px\" \/><\/figure>\n\n\n\n<figure class=\"wp-block-image size-large\"><img loading=\"lazy\" decoding=\"async\" width=\"1024\" height=\"332\" src=\"https:\/\/www.college-poincare-saverne.fr\/wp-content\/uploads\/2022\/05\/image-7-1024x332.png\" alt=\"\" class=\"wp-image-661\" srcset=\"https:\/\/www.college-poincare-saverne.fr\/wp-content\/uploads\/2022\/05\/image-7-1024x332.png 1024w, https:\/\/www.college-poincare-saverne.fr\/wp-content\/uploads\/2022\/05\/image-7-300x97.png 300w, https:\/\/www.college-poincare-saverne.fr\/wp-content\/uploads\/2022\/05\/image-7-768x249.png 768w, https:\/\/www.college-poincare-saverne.fr\/wp-content\/uploads\/2022\/05\/image-7.png 1430w\" sizes=\"auto, (max-width: 1024px) 100vw, 1024px\" \/><\/figure>\n\n\n\n<p><strong>ALFRED LEVY \u2013 angle Grand Rue, Quai du Canal \u2013 n\u00e9 en 1884, assassin\u00e9 \u00e0 Auschwitz en 1944, a eu la mention de \u00ab&nbsp;Mort en D\u00e9portation&nbsp;\u00bb le 30 septembre 1953, fils du quincailler de Saverne Henry Levy, mari de Lina, p\u00e8re de Georges<\/strong><\/p>\n\n\n\n<div class=\"wp-block-image\"><figure class=\"aligncenter size-full\"><img loading=\"lazy\" decoding=\"async\" width=\"404\" height=\"592\" src=\"https:\/\/www.college-poincare-saverne.fr\/wp-content\/uploads\/2022\/05\/image-13.png\" alt=\"\" class=\"wp-image-667\" srcset=\"https:\/\/www.college-poincare-saverne.fr\/wp-content\/uploads\/2022\/05\/image-13.png 404w, https:\/\/www.college-poincare-saverne.fr\/wp-content\/uploads\/2022\/05\/image-13-205x300.png 205w\" sizes=\"auto, (max-width: 404px) 100vw, 404px\" \/><\/figure><\/div>\n\n\n\n<figure class=\"wp-block-image size-large\"><img loading=\"lazy\" decoding=\"async\" width=\"1024\" height=\"411\" src=\"https:\/\/www.college-poincare-saverne.fr\/wp-content\/uploads\/2022\/05\/image-12-1024x411.png\" alt=\"\" class=\"wp-image-666\" srcset=\"https:\/\/www.college-poincare-saverne.fr\/wp-content\/uploads\/2022\/05\/image-12-1024x411.png 1024w, https:\/\/www.college-poincare-saverne.fr\/wp-content\/uploads\/2022\/05\/image-12-300x121.png 300w, https:\/\/www.college-poincare-saverne.fr\/wp-content\/uploads\/2022\/05\/image-12-768x309.png 768w, https:\/\/www.college-poincare-saverne.fr\/wp-content\/uploads\/2022\/05\/image-12-1200x483.png 1200w, https:\/\/www.college-poincare-saverne.fr\/wp-content\/uploads\/2022\/05\/image-12.png 1202w\" sizes=\"auto, (max-width: 1024px) 100vw, 1024px\" \/><\/figure>\n\n\n\n<p><strong>PAUL LEHMANN \u2013 59 Grand Rue \u2013 n\u00e9 en 1930, assassin\u00e9 en 1944, \u00e0 14 ans, cribl\u00e9 de balles tir\u00e9es par des allemands, \u00e9tant au mauvais endroit au mauvais moment \u2013 enterr\u00e9 \u00e0 Tr\u00e9molat en 1944, il est r\u00e9inhum\u00e9 \u00e0 Saverne en 1949 \u2013 il a eu la mention \u00ab&nbsp;Mort pour la France&nbsp;\u00bb &#8211; son nom figure dans l\u2019entr\u00e9e de la synagogue de Saverne \u2013 une st\u00e8le lui a \u00e9t\u00e9 d\u00e9di\u00e9e en 2016 sur les lieux de son assassinat \u00e0 La Queyrie<\/strong><\/p>\n\n\n\n<figure class=\"wp-block-image size-full\"><img loading=\"lazy\" decoding=\"async\" width=\"708\" height=\"531\" src=\"https:\/\/www.college-poincare-saverne.fr\/wp-content\/uploads\/2022\/05\/image-11.png\" alt=\"\" class=\"wp-image-665\" srcset=\"https:\/\/www.college-poincare-saverne.fr\/wp-content\/uploads\/2022\/05\/image-11.png 708w, https:\/\/www.college-poincare-saverne.fr\/wp-content\/uploads\/2022\/05\/image-11-300x225.png 300w\" sizes=\"auto, (max-width: 708px) 100vw, 708px\" \/><\/figure>\n\n\n\n<figure class=\"wp-block-image size-full\"><img loading=\"lazy\" decoding=\"async\" width=\"955\" height=\"308\" src=\"https:\/\/www.college-poincare-saverne.fr\/wp-content\/uploads\/2022\/05\/image-14.png\" alt=\"\" class=\"wp-image-668\" srcset=\"https:\/\/www.college-poincare-saverne.fr\/wp-content\/uploads\/2022\/05\/image-14.png 955w, https:\/\/www.college-poincare-saverne.fr\/wp-content\/uploads\/2022\/05\/image-14-300x97.png 300w, https:\/\/www.college-poincare-saverne.fr\/wp-content\/uploads\/2022\/05\/image-14-768x248.png 768w\" sizes=\"auto, (max-width: 955px) 100vw, 955px\" \/><\/figure>\n\n\n\n<p><strong>MO\u00cfSE MAXIME LEHMANN \u2013 75 Grand Rue \u2013 n\u00e9 en 1921, assassin\u00e9 au lieu-dit&nbsp;\u00ab&nbsp;La Maronne&nbsp;\u00bb commune de Mauriac \u2013 engag\u00e9 dans la R\u00e9sistance au sein des FFI \u2013 appartenait au groupe Saint Pierre \u2013 il a eu la mention \u00ab Mort pour la France \u00bb en 1946 &#8211; r\u00e9compenses posthumes&nbsp;: m\u00e9daille militaire, la Croix de Guerre avec palmes de bronze, m\u00e9daille du Combattant volontaire de la R\u00e9sistance<\/strong><\/p>\n\n\n\n<figure class=\"wp-block-image size-full\"><img loading=\"lazy\" decoding=\"async\" width=\"799\" height=\"510\" src=\"https:\/\/www.college-poincare-saverne.fr\/wp-content\/uploads\/2022\/05\/image-15.png\" alt=\"\" class=\"wp-image-669\" srcset=\"https:\/\/www.college-poincare-saverne.fr\/wp-content\/uploads\/2022\/05\/image-15.png 799w, https:\/\/www.college-poincare-saverne.fr\/wp-content\/uploads\/2022\/05\/image-15-300x191.png 300w, https:\/\/www.college-poincare-saverne.fr\/wp-content\/uploads\/2022\/05\/image-15-768x490.png 768w\" sizes=\"auto, (max-width: 799px) 100vw, 799px\" \/><\/figure>\n\n\n\n<p><strong>MARCEL SCHWARTZ \u2013 144 Grand Rue &#8211; n\u00e9 en 1889, assassin\u00e9 \u00e0 Mauthausen en 1945, apr\u00e8s avoir v\u00e9cu la marche de la mort suite \u00e0 l\u2019\u00e9vacuation du camp d\u2019Auschwitz \u2013 matricule 125013 \u2013 n\u00e9gociant \u2013 mari de Line, p\u00e8re de Colette et de Roger \u2013 son \u00e9pouse et ses enfants ont surv\u00e9cu \u00e0 la Shoah \u2013 il a obtenu le statut de d\u00e9port\u00e9 politique en 1953, la mention \u00ab&nbsp;Mort pour la France&nbsp;\u00bb en 1947, la mention de \u00ab&nbsp;Mort en D\u00e9portation&nbsp;\u00bb en 2000<\/strong><\/p>\n\n\n\n<figure class=\"wp-block-image size-full\"><img loading=\"lazy\" decoding=\"async\" width=\"847\" height=\"788\" src=\"https:\/\/www.college-poincare-saverne.fr\/wp-content\/uploads\/2022\/05\/image-16.png\" alt=\"\" class=\"wp-image-670\" srcset=\"https:\/\/www.college-poincare-saverne.fr\/wp-content\/uploads\/2022\/05\/image-16.png 847w, https:\/\/www.college-poincare-saverne.fr\/wp-content\/uploads\/2022\/05\/image-16-300x279.png 300w, https:\/\/www.college-poincare-saverne.fr\/wp-content\/uploads\/2022\/05\/image-16-768x715.png 768w\" sizes=\"auto, (max-width: 847px) 100vw, 847px\" \/><\/figure>\n\n\n\n<p><strong>ALPHONSE et FLORETTE WOLFF \u2013 5 rue du 19 novembre\/synagogue \u2013 Alphonse est n\u00e9 en 1859, assassin\u00e9 \u00e0 Auschwitz en 1944 \u2013 fils de Jacques Wolff, rabbin \u00e0 Saverne \u2013 il \u00e9tait ministre officiant \u00e0 la synagogue et dirigeait la pri\u00e8re chant\u00e9e (un hazan) \u2013 mari de Florette, fille d\u2019un commer\u00e7ant \u2013 p\u00e8re de Paul, Morice et Cl\u00e9mence \u2013 Alphonse et Florette ont \u00e9t\u00e9 arr\u00eat\u00e9s dans la rue par la Gestapo \u2013 ils sont reconnus \u00ab&nbsp;Morts pour la France&nbsp;\u00bb<\/strong><\/p>\n\n\n\n<figure class=\"wp-block-image size-full\"><img loading=\"lazy\" decoding=\"async\" width=\"890\" height=\"753\" src=\"https:\/\/www.college-poincare-saverne.fr\/wp-content\/uploads\/2022\/05\/image-17.png\" alt=\"\" class=\"wp-image-671\" srcset=\"https:\/\/www.college-poincare-saverne.fr\/wp-content\/uploads\/2022\/05\/image-17.png 890w, https:\/\/www.college-poincare-saverne.fr\/wp-content\/uploads\/2022\/05\/image-17-300x254.png 300w, https:\/\/www.college-poincare-saverne.fr\/wp-content\/uploads\/2022\/05\/image-17-768x650.png 768w\" sizes=\"auto, (max-width: 890px) 100vw, 890px\" \/><\/figure>\n\n\n\n<p><strong>\u00ab&nbsp;Avec ces pav\u00e9s, toutes ces personnes sont enfin rentr\u00e9es chez elles.\u00bb <\/strong>Christophe Woehrle, Chevalier de l&rsquo;ordre des Arts et Lettres, Docteur en Histoire Contemporaine de l&rsquo;Universit\u00e9 de Bamberg, Pr\u00e9sident des Associations M\u00e9moire et Histoire des Tombes Roumaines et Stolpersteine en France, Membre de l&rsquo;Acad\u00e9mie des Sciences, Lettres et Arts d&rsquo;Alsace<\/p>\n\n\n\n<p><strong>\u00ab&nbsp;Les personnes dont on ne prononce plus le nom disparaissent compl\u00e8tement.&nbsp;\u00bb <\/strong>Christophe Woehrl\u00e9<\/p>\n\n\n\n<p><strong>\u00ab&nbsp;90&nbsp;000 pav\u00e9s pos\u00e9s dans les 26 pays europ\u00e9ens concern\u00e9s, c\u2019est beaucoup et c\u2019est rien, quand on pense aux millions de victimes de la Shoah.&nbsp;\u00bb <\/strong>Christophe Woehrl\u00e9<\/p>\n\n\n\n<p><strong>\u00ab Personne, ni les rois, ni Haman<\/strong> (r\u00e9cit biblique du Livre d&rsquo;Esther (Ancien Testament), premier ministre de l&#8217;empereur perse Assu\u00e9rus, Haman est connu pour sa volont\u00e9 de massacrer les juifs de Perse), <strong>ni les nazis, n\u2019ont r\u00e9ussi \u00e0 tuer le peuple<\/strong> <strong>juif ! Encore de tr\u00e8s nombreux juifs vivent, notamment en Isra\u00ebl. Le peuple d\u2019Isra\u00ebl vivra ! \u00bb arri\u00e8re- petit-fils de Florette et Alphonse Wolff<\/strong><\/p>\n\n\n\n<p><strong>\u00ab&nbsp;Grand merci aux \u00e9l\u00e8ves et \u00e0 leurs professeurs, surtout M. Moder ! La transmission aux \u00e9l\u00e8ves pour comprendre est de la plus haute importance. Les poses des pav\u00e9s ont \u00e9t\u00e9 un moment \u00e9mouvant. Que ces jeunes puissent devenir de meilleurs citoyens et porter les valeurs de la r\u00e9publique. Les passants pourront se souvenir : ces personnes faisaient partie de la grande famille de Saverne.&nbsp;\u00bb <\/strong>St\u00e9phane Leyenberger, maire de Saverne<\/p>\n\n\n\n<p><strong>\u00ab&nbsp;Que des enfants participent \u00e0 la pose de Stolpersteine a \u00e9norm\u00e9ment de sens ! Merci \u00e0 M. Moder et \u00e0 ses \u00e9l\u00e8ves !&nbsp;\u00bb <\/strong>Patrick Hetzel, d\u00e9put\u00e9<\/p>\n\n\n\n<figure class=\"wp-block-image size-full\"><img loading=\"lazy\" decoding=\"async\" width=\"923\" height=\"213\" src=\"https:\/\/www.college-poincare-saverne.fr\/wp-content\/uploads\/2022\/05\/image-18.png\" alt=\"\" class=\"wp-image-672\" srcset=\"https:\/\/www.college-poincare-saverne.fr\/wp-content\/uploads\/2022\/05\/image-18.png 923w, https:\/\/www.college-poincare-saverne.fr\/wp-content\/uploads\/2022\/05\/image-18-300x69.png 300w, https:\/\/www.college-poincare-saverne.fr\/wp-content\/uploads\/2022\/05\/image-18-768x177.png 768w\" sizes=\"auto, (max-width: 923px) 100vw, 923px\" \/><\/figure>\n\n\n\n<p><strong>\u00ab&nbsp;La participation admirable des jeunes est indispensable. Je leur exprime ma reconnaissance, mon \u00e9motion et les remercie. Je remercie aussi M. Moder de lutter contre l\u2019indiff\u00e9rence et la haine.&nbsp;\u00bb<\/strong> Alain Kahn, pr\u00e9sident de la communaut\u00e9 isra\u00e9lite de Saverne, fils d\u2019un d\u00e9port\u00e9 et neveu de deux d\u00e9port\u00e9s &#8211; titre de \u00ab Haver \u00bb du Grand Rabinat de Strasbourg et du Bas-Rhin, membre de l\u2019association Cultures et Religions, du comit\u00e9 du mus\u00e9e de Marmoutier, du comit\u00e9 de la Soci\u00e9t\u00e9 d&rsquo;Histoire des Isra\u00e9lites d&rsquo;Alsace et de Lorraine, pr\u00e9sident de l&rsquo;ASIJA (Association des Amis du Site Internet sur le Juda\u00efsme Alsacien)<\/p>\n\n\n\n<p><strong>\u00ab&nbsp;J\u2019ai rencontr\u00e9 des enfants motiv\u00e9s qui ont bien compris les enjeux d\u2019une telle c\u00e9r\u00e9monie. Ils ont beaucoup travaill\u00e9 pour \u00e9crire les biographies de ces personnes mortes tragiquement, victimes de l\u2019inhumanit\u00e9. Ils ont d\u00e9couvert que l\u2019histoire est aussi singuli\u00e8re pour chaque personne qui a connu l\u2019horreur de la Shoah. Merci \u00e0 chacun d\u2019eux et \u00e0 leur professeur M. Moder !&nbsp;\u00bb<\/strong> Samuel Netter, rabbin de Saverne<\/p>\n\n\n\n<p><strong>\u00ab&nbsp;Les enfants ont \u00e9t\u00e9 attentifs et sensibles aux messages, volontaires pour participer et pour entretenir la m\u00e9moire de ces gens dont les noms sont sur les pav\u00e9s. Les jeunes ont pris pleinement conscience des enjeux plan\u00e9taires, de leur environnement proche, et de l\u2019importance de ces 1ers pav\u00e9s de m\u00e9moire dans leur ville. Le nom ne dispara\u00eetra pas et la m\u00e9moire de ces personnes est grav\u00e9e dans le sol pour l\u2019\u00e9ternit\u00e9 ! Merci \u00e0 tous, particuli\u00e8rement \u00e0 M. Moder dont la t\u00e2che \u00e9tait difficile, et aux \u00e9l\u00e8ves qui ont fourni un \u00e9norme travail.&nbsp;\u00bb <\/strong>Christophe Woehrle<\/p>\n\n\n\n<figure class=\"wp-block-image size-full\"><img loading=\"lazy\" decoding=\"async\" width=\"925\" height=\"849\" src=\"https:\/\/www.college-poincare-saverne.fr\/wp-content\/uploads\/2022\/05\/image-19.png\" alt=\"\" class=\"wp-image-673\" srcset=\"https:\/\/www.college-poincare-saverne.fr\/wp-content\/uploads\/2022\/05\/image-19.png 925w, https:\/\/www.college-poincare-saverne.fr\/wp-content\/uploads\/2022\/05\/image-19-300x275.png 300w, https:\/\/www.college-poincare-saverne.fr\/wp-content\/uploads\/2022\/05\/image-19-768x705.png 768w\" sizes=\"auto, (max-width: 925px) 100vw, 925px\" \/><\/figure>\n\n\n\n<figure class=\"wp-block-image size-full\"><img loading=\"lazy\" decoding=\"async\" width=\"862\" height=\"402\" src=\"https:\/\/www.college-poincare-saverne.fr\/wp-content\/uploads\/2022\/05\/image-20.png\" alt=\"\" class=\"wp-image-674\" srcset=\"https:\/\/www.college-poincare-saverne.fr\/wp-content\/uploads\/2022\/05\/image-20.png 862w, https:\/\/www.college-poincare-saverne.fr\/wp-content\/uploads\/2022\/05\/image-20-300x140.png 300w, https:\/\/www.college-poincare-saverne.fr\/wp-content\/uploads\/2022\/05\/image-20-768x358.png 768w, https:\/\/www.college-poincare-saverne.fr\/wp-content\/uploads\/2022\/05\/image-20-860x402.png 860w\" sizes=\"auto, (max-width: 862px) 100vw, 862px\" \/><\/figure>\n\n\n\n<p><strong>La synagogue de Saverne<\/strong><\/p>\n\n\n\n<p><strong>\u00ab Le fanatisme est aveugle, il rend sourd et aveugle. Le fanatique ne se pose pas de questions, il ne conna\u00eet pas le doute : il sait, il pense qu&rsquo;il sait. \u00bb.<\/strong>Elie Wiesel, rescap\u00e9 de la Shoah, philosophe, \u00e9crivain, professeur d\u2019universit\u00e9 &#8211; n\u00e9 en 1928 en Roumanie, et mort en 2016 \u00e0 New York.<\/p>\n\n\n\n<figure class=\"wp-block-image size-full is-resized\"><img loading=\"lazy\" decoding=\"async\" src=\"https:\/\/www.college-poincare-saverne.fr\/wp-content\/uploads\/2022\/05\/image-21.png\" alt=\"\" class=\"wp-image-675\" width=\"780\" height=\"265\" srcset=\"https:\/\/www.college-poincare-saverne.fr\/wp-content\/uploads\/2022\/05\/image-21.png 910w, https:\/\/www.college-poincare-saverne.fr\/wp-content\/uploads\/2022\/05\/image-21-300x102.png 300w, https:\/\/www.college-poincare-saverne.fr\/wp-content\/uploads\/2022\/05\/image-21-768x262.png 768w\" sizes=\"auto, (max-width: 780px) 100vw, 780px\" \/><\/figure>\n","protected":false},"excerpt":{"rendered":"<p>POSE DE 13 STOLPERSTEINE DEVANT 8 DOMICILES A SAVERNE LE 4 AVRIL 2022 Apr\u00e8s de longues recherches, de lectures, de r\u00e9daction des biographies de 13 personnes victimes de la Shoah, originaires de Saverne, le JOUR J est arriv\u00e9&nbsp;! Le 4 avril 2022, les \u00e9l\u00e8ves de 3e2 et les 5e de LCR ont particip\u00e9 \u00e0 l\u2019\u00e9v\u00e9nement <a class=\"more-link\" href=\"https:\/\/www.college-poincare-saverne.fr\/?p=653\">Lire plus &#8230;<\/a><\/p>\n","protected":false},"author":1,"featured_media":700,"comment_status":"closed","ping_status":"closed","sticky":false,"template":"","format":"standard","meta":{"footnotes":""},"categories":[7],"tags":[],"class_list":["post-653","post","type-post","status-publish","format-standard","has-post-thumbnail","hentry","category-histoire-geographie"],"_links":{"self":[{"href":"https:\/\/www.college-poincare-saverne.fr\/index.php?rest_route=\/wp\/v2\/posts\/653","targetHints":{"allow":["GET"]}}],"collection":[{"href":"https:\/\/www.college-poincare-saverne.fr\/index.php?rest_route=\/wp\/v2\/posts"}],"about":[{"href":"https:\/\/www.college-poincare-saverne.fr\/index.php?rest_route=\/wp\/v2\/types\/post"}],"author":[{"embeddable":true,"href":"https:\/\/www.college-poincare-saverne.fr\/index.php?rest_route=\/wp\/v2\/users\/1"}],"replies":[{"embeddable":true,"href":"https:\/\/www.college-poincare-saverne.fr\/index.php?rest_route=%2Fwp%2Fv2%2Fcomments&post=653"}],"version-history":[{"count":2,"href":"https:\/\/www.college-poincare-saverne.fr\/index.php?rest_route=\/wp\/v2\/posts\/653\/revisions"}],"predecessor-version":[{"id":693,"href":"https:\/\/www.college-poincare-saverne.fr\/index.php?rest_route=\/wp\/v2\/posts\/653\/revisions\/693"}],"wp:featuredmedia":[{"embeddable":true,"href":"https:\/\/www.college-poincare-saverne.fr\/index.php?rest_route=\/wp\/v2\/media\/700"}],"wp:attachment":[{"href":"https:\/\/www.college-poincare-saverne.fr\/index.php?rest_route=%2Fwp%2Fv2%2Fmedia&parent=653"}],"wp:term":[{"taxonomy":"category","embeddable":true,"href":"https:\/\/www.college-poincare-saverne.fr\/index.php?rest_route=%2Fwp%2Fv2%2Fcategories&post=653"},{"taxonomy":"post_tag","embeddable":true,"href":"https:\/\/www.college-poincare-saverne.fr\/index.php?rest_route=%2Fwp%2Fv2%2Ftags&post=653"}],"curies":[{"name":"wp","href":"https:\/\/api.w.org\/{rel}","templated":true}]}}