{"id":1504,"date":"2024-07-04T23:03:01","date_gmt":"2024-07-04T21:03:01","guid":{"rendered":"https:\/\/www.college-poincare-saverne.fr\/?p=1504"},"modified":"2024-07-04T23:03:03","modified_gmt":"2024-07-04T21:03:03","slug":"repetition-chorale-du-mardi-gras-2024","status":"publish","type":"post","link":"https:\/\/www.college-poincare-saverne.fr\/?p=1504","title":{"rendered":"R\u00e9p\u00e9tition-chorale du Mardi-Gras 2024"},"content":{"rendered":"\n<figure class=\"wp-block-image size-full is-resized\"><img loading=\"lazy\" decoding=\"async\" width=\"519\" height=\"521\" src=\"https:\/\/www.college-poincare-saverne.fr\/wp-content\/uploads\/2024\/07\/chorale1.jpg\" alt=\"\" class=\"wp-image-1506\" style=\"width:780px;height:auto\" srcset=\"https:\/\/www.college-poincare-saverne.fr\/wp-content\/uploads\/2024\/07\/chorale1.jpg 519w, https:\/\/www.college-poincare-saverne.fr\/wp-content\/uploads\/2024\/07\/chorale1-300x300.jpg 300w, https:\/\/www.college-poincare-saverne.fr\/wp-content\/uploads\/2024\/07\/chorale1-150x150.jpg 150w, https:\/\/www.college-poincare-saverne.fr\/wp-content\/uploads\/2024\/07\/chorale1-200x200.jpg 200w, https:\/\/www.college-poincare-saverne.fr\/wp-content\/uploads\/2024\/07\/chorale1-100x100.jpg 100w, https:\/\/www.college-poincare-saverne.fr\/wp-content\/uploads\/2024\/07\/chorale1-40x40.jpg 40w\" sizes=\"auto, (max-width: 519px) 100vw, 519px\" \/><\/figure>\n\n\n\n<figure class=\"wp-block-image size-large\"><img loading=\"lazy\" decoding=\"async\" width=\"1024\" height=\"384\" src=\"https:\/\/www.college-poincare-saverne.fr\/wp-content\/uploads\/2024\/07\/chorale-2-1024x384.jpg\" alt=\"\" class=\"wp-image-1507\" srcset=\"https:\/\/www.college-poincare-saverne.fr\/wp-content\/uploads\/2024\/07\/chorale-2-1024x384.jpg 1024w, https:\/\/www.college-poincare-saverne.fr\/wp-content\/uploads\/2024\/07\/chorale-2-300x113.jpg 300w, https:\/\/www.college-poincare-saverne.fr\/wp-content\/uploads\/2024\/07\/chorale-2-768x288.jpg 768w, https:\/\/www.college-poincare-saverne.fr\/wp-content\/uploads\/2024\/07\/chorale-2.jpg 1213w\" sizes=\"auto, (max-width: 1024px) 100vw, 1024px\" \/><\/figure>\n","protected":false},"excerpt":{"rendered":"<p>Une r\u00e9p\u00e9tition-chorale originale au coll\u00e8ge Poincar\u00e9 de Saverne : La r\u00e9p\u00e9tition-chorale du Mardi-Gras 2024 a \u00e9t\u00e9 exceptionnellement anim\u00e9e en pr\u00e9sence du t\u00e9nor lyrique Lucas Minni. <a class=\"more-link\" href=\"https:\/\/www.college-poincare-saverne.fr\/?p=1504\">Lire plus &#8230;<\/a><\/p>\n","protected":false},"author":2,"featured_media":1505,"comment_status":"closed","ping_status":"closed","sticky":false,"template":"","format":"standard","meta":{"footnotes":""},"categories":[8],"tags":[],"class_list":["post-1504","post","type-post","status-publish","format-standard","has-post-thumbnail","hentry","category-education-musicale"],"_links":{"self":[{"href":"https:\/\/www.college-poincare-saverne.fr\/index.php?rest_route=\/wp\/v2\/posts\/1504","targetHints":{"allow":["GET"]}}],"collection":[{"href":"https:\/\/www.college-poincare-saverne.fr\/index.php?rest_route=\/wp\/v2\/posts"}],"about":[{"href":"https:\/\/www.college-poincare-saverne.fr\/index.php?rest_route=\/wp\/v2\/types\/post"}],"author":[{"embeddable":true,"href":"https:\/\/www.college-poincare-saverne.fr\/index.php?rest_route=\/wp\/v2\/users\/2"}],"replies":[{"embeddable":true,"href":"https:\/\/www.college-poincare-saverne.fr\/index.php?rest_route=%2Fwp%2Fv2%2Fcomments&post=1504"}],"version-history":[{"count":1,"href":"https:\/\/www.college-poincare-saverne.fr\/index.php?rest_route=\/wp\/v2\/posts\/1504\/revisions"}],"predecessor-version":[{"id":1508,"href":"https:\/\/www.college-poincare-saverne.fr\/index.php?rest_route=\/wp\/v2\/posts\/1504\/revisions\/1508"}],"wp:featuredmedia":[{"embeddable":true,"href":"https:\/\/www.college-poincare-saverne.fr\/index.php?rest_route=\/wp\/v2\/media\/1505"}],"wp:attachment":[{"href":"https:\/\/www.college-poincare-saverne.fr\/index.php?rest_route=%2Fwp%2Fv2%2Fmedia&parent=1504"}],"wp:term":[{"taxonomy":"category","embeddable":true,"href":"https:\/\/www.college-poincare-saverne.fr\/index.php?rest_route=%2Fwp%2Fv2%2Fcategories&post=1504"},{"taxonomy":"post_tag","embeddable":true,"href":"https:\/\/www.college-poincare-saverne.fr\/index.php?rest_route=%2Fwp%2Fv2%2Ftags&post=1504"}],"curies":[{"name":"wp","href":"https:\/\/api.w.org\/{rel}","templated":true}]}}