{"id":1410,"date":"2023-08-02T08:57:07","date_gmt":"2023-08-02T06:57:07","guid":{"rendered":"https:\/\/www.college-poincare-saverne.fr\/?p=1410"},"modified":"2023-08-02T09:20:13","modified_gmt":"2023-08-02T07:20:13","slug":"fetons-leurope-le-concert-et-la-suite-en-musique-au-college-poincare","status":"publish","type":"post","link":"https:\/\/www.college-poincare-saverne.fr\/?p=1410","title":{"rendered":"F\u00eatons l&rsquo;Europe : le concert et la suite en musique au coll\u00e8ge Poincar\u00e9"},"content":{"rendered":"\n<p>Dans le cadre de l\u2019anniversaire des 70 ans du Parlement Europ\u00e9en organis\u00e9 par la CEA, les 27 pays de l\u2019Union Europ\u00e9enne envoient chacun une d\u00e9l\u00e9gation d\u2019\u00e9l\u00e8ves et d\u2019enseignants en Alsace pour cet \u00e9v\u00e9nement. Les h\u00f4tes sont accueillis dans les coll\u00e8ges et les familles des \u00e9l\u00e8ves alsaciens engag\u00e9s dans le projet les ont h\u00e9berg\u00e9s.<\/p>\n\n\n\n<p>Au coll\u00e8ge, c\u2019est la classe de 6eme4 qui a eu la chance de participer \u00e0 cet \u00e9change avec la Su\u00e8de, du 28 mai au 3 juin 2023.<br>Le temps le plus fort a eu lieu le 30 mai lorsque l\u2019ensemble des jeunes impliqu\u00e9s ont \u00e9t\u00e9 re\u00e7us au Parlement Europ\u00e9en et y ont chant\u00e9. Vous trouverez une vid\u00e9o : <strong><a href=\"https:\/\/www.youtube.com\/live\/83ILnWvzZk4?feature=share\">ici<\/a><\/strong> (en moment particulier pour les 6e4 au temps 1:18:00 <strong><a href=\"https:\/\/www.youtube.com\/live\/83ILnWvzZk4?feature=share&amp;t=4730\">ici<\/a><\/strong>)<\/p>\n\n\n\n<p>Voici quelques images de cette semaine m\u00e9morable.<br><strong>Un grand merci \u00e0 tous les \u00e9l\u00e8ves, familles et personnels engag\u00e9s dans le projet&nbsp;!<\/strong><\/p>\n\n\n\n<div data-wp-interactive=\"core\/file\" class=\"wp-block-file\"><object data-wp-bind--hidden=\"!state.hasPdfPreview\" hidden class=\"wp-block-file__embed\" data=\"https:\/\/www.college-poincare-saverne.fr\/wp-content\/uploads\/2023\/08\/PARLEMENT-MUSIQUE.pdf\" type=\"application\/pdf\" style=\"width:100%;height:600px\" aria-label=\"Contenu embarqu\u00e9 PARLEMENT-MUSIQUE.\"><\/object><a id=\"wp-block-file--media-c7fbaf8f-3772-4bf3-9647-c1d76d496aa8\" href=\"https:\/\/www.college-poincare-saverne.fr\/wp-content\/uploads\/2023\/08\/PARLEMENT-MUSIQUE.pdf\">PARLEMENT-MUSIQUE<\/a><a href=\"https:\/\/www.college-poincare-saverne.fr\/wp-content\/uploads\/2023\/08\/PARLEMENT-MUSIQUE.pdf\" class=\"wp-block-file__button wp-element-button\" download aria-describedby=\"wp-block-file--media-c7fbaf8f-3772-4bf3-9647-c1d76d496aa8\">T\u00e9l\u00e9charger<\/a><\/div>\n\n\n\n<div data-wp-interactive=\"core\/file\" class=\"wp-block-file\"><object data-wp-bind--hidden=\"!state.hasPdfPreview\" hidden class=\"wp-block-file__embed\" data=\"https:\/\/www.college-poincare-saverne.fr\/wp-content\/uploads\/2023\/08\/fetons_europe.pdf\" type=\"application\/pdf\" style=\"width:100%;height:600px\" aria-label=\"Contenu embarqu\u00e9 fetons_europe.\"><\/object><a id=\"wp-block-file--media-fa5379c1-d263-4284-978a-37a81ed6b8cb\" href=\"https:\/\/www.college-poincare-saverne.fr\/wp-content\/uploads\/2023\/08\/fetons_europe.pdf\">fetons_europe<\/a><a href=\"https:\/\/www.college-poincare-saverne.fr\/wp-content\/uploads\/2023\/08\/fetons_europe.pdf\" class=\"wp-block-file__button wp-element-button\" download aria-describedby=\"wp-block-file--media-fa5379c1-d263-4284-978a-37a81ed6b8cb\">T\u00e9l\u00e9charger<\/a><\/div>\n","protected":false},"excerpt":{"rendered":"<p>A l\u2019occasion des 70 ans du Parlement europ\u00e9en, 700 jeunes europ\u00e9ens originaires des 27 pays qui composent l&rsquo;Union Europ\u00e9enne sont accueillis en Alsace dans le cadre d&rsquo;un \u00e9change scolaire avec des coll\u00e8ges alsaciens. <a class=\"more-link\" href=\"https:\/\/www.college-poincare-saverne.fr\/?p=1410\">Lire plus &#8230;<\/a><\/p>\n","protected":false},"author":2,"featured_media":1411,"comment_status":"closed","ping_status":"closed","sticky":false,"template":"","format":"standard","meta":{"footnotes":""},"categories":[2,8],"tags":[],"class_list":["post-1410","post","type-post","status-publish","format-standard","has-post-thumbnail","hentry","category-actualites","category-education-musicale"],"_links":{"self":[{"href":"https:\/\/www.college-poincare-saverne.fr\/index.php?rest_route=\/wp\/v2\/posts\/1410","targetHints":{"allow":["GET"]}}],"collection":[{"href":"https:\/\/www.college-poincare-saverne.fr\/index.php?rest_route=\/wp\/v2\/posts"}],"about":[{"href":"https:\/\/www.college-poincare-saverne.fr\/index.php?rest_route=\/wp\/v2\/types\/post"}],"author":[{"embeddable":true,"href":"https:\/\/www.college-poincare-saverne.fr\/index.php?rest_route=\/wp\/v2\/users\/2"}],"replies":[{"embeddable":true,"href":"https:\/\/www.college-poincare-saverne.fr\/index.php?rest_route=%2Fwp%2Fv2%2Fcomments&post=1410"}],"version-history":[{"count":5,"href":"https:\/\/www.college-poincare-saverne.fr\/index.php?rest_route=\/wp\/v2\/posts\/1410\/revisions"}],"predecessor-version":[{"id":1429,"href":"https:\/\/www.college-poincare-saverne.fr\/index.php?rest_route=\/wp\/v2\/posts\/1410\/revisions\/1429"}],"wp:featuredmedia":[{"embeddable":true,"href":"https:\/\/www.college-poincare-saverne.fr\/index.php?rest_route=\/wp\/v2\/media\/1411"}],"wp:attachment":[{"href":"https:\/\/www.college-poincare-saverne.fr\/index.php?rest_route=%2Fwp%2Fv2%2Fmedia&parent=1410"}],"wp:term":[{"taxonomy":"category","embeddable":true,"href":"https:\/\/www.college-poincare-saverne.fr\/index.php?rest_route=%2Fwp%2Fv2%2Fcategories&post=1410"},{"taxonomy":"post_tag","embeddable":true,"href":"https:\/\/www.college-poincare-saverne.fr\/index.php?rest_route=%2Fwp%2Fv2%2Ftags&post=1410"}],"curies":[{"name":"wp","href":"https:\/\/api.w.org\/{rel}","templated":true}]}}