{"id":1406,"date":"2023-08-02T08:47:58","date_gmt":"2023-08-02T06:47:58","guid":{"rendered":"https:\/\/www.college-poincare-saverne.fr\/?p=1406"},"modified":"2023-08-02T08:48:00","modified_gmt":"2023-08-02T06:48:00","slug":"rencontre-chorale-des-colleges","status":"publish","type":"post","link":"https:\/\/www.college-poincare-saverne.fr\/?p=1406","title":{"rendered":"RENCONTRE-CHORALE DES COLL\u00c8GES"},"content":{"rendered":"\n<p>Quelques 160 \u00e9l\u00e8ves de trois coll\u00e8ges r\u00e9unis (Poincar\u00e9 et les Sources de Saverne, coll\u00e8ge du Bastberg de Bouxwiller) ont r\u00e9ussi \u00e0 proposer ce jeudi 22 juin un concert exceptionnel dans la prestigieuse salle de l\u2019espace Rohan \u00e0 Saverne.<br>Un moment tr\u00e8s attendu, apr\u00e8s de dures ann\u00e9es \u00ab covid \u00bb o\u00f9 la mise en oeuvre du concert choral ne fut de nombreuses fois pas rendue possible\u2026 mais l\u00e0 o\u00f9 il y a une volont\u00e9, il y a un chemin !<br>Le concert \u00ab Alors on chante ! \u00bb est bas\u00e9 cette ann\u00e9e sur un programme acad\u00e9mique propos\u00e9 par Alsamuse, l\u2019association des professeurs de musique destin\u00e9e \u00e0 promouvoir le chant choral en milieu scolaire dans la r\u00e9gion Alsace.<\/p>\n\n\n\n<p><strong>Plus d&rsquo;explications et de photos dans le document en pi\u00e8ce jointe.<\/strong><\/p>\n\n\n\n<div data-wp-interactive=\"core\/file\" class=\"wp-block-file\"><object data-wp-bind--hidden=\"!state.hasPdfPreview\" hidden class=\"wp-block-file__embed\" data=\"https:\/\/www.college-poincare-saverne.fr\/wp-content\/uploads\/2023\/08\/RENCONTRE-CHORALE-BILAN-.pdf\" type=\"application\/pdf\" style=\"width:100%;height:600px\" aria-label=\"Contenu embarqu\u00e9 RENCONTRE-CHORALE-BILAN-.\"><\/object><a id=\"wp-block-file--media-f84b4f66-fdc7-47a4-b876-fb4081556f24\" href=\"https:\/\/www.college-poincare-saverne.fr\/wp-content\/uploads\/2023\/08\/RENCONTRE-CHORALE-BILAN-.pdf\">RENCONTRE-CHORALE-BILAN-<\/a><a href=\"https:\/\/www.college-poincare-saverne.fr\/wp-content\/uploads\/2023\/08\/RENCONTRE-CHORALE-BILAN-.pdf\" class=\"wp-block-file__button wp-element-button\" download aria-describedby=\"wp-block-file--media-f84b4f66-fdc7-47a4-b876-fb4081556f24\">T\u00e9l\u00e9charger<\/a><\/div>\n","protected":false},"excerpt":{"rendered":"<p>\u00ab Alors on chante ! \u00bb Mais pas que\u2026 Pr\u00e8s de 160 choristes partagent chantent et vivent une aventure musicale collective <a class=\"more-link\" href=\"https:\/\/www.college-poincare-saverne.fr\/?p=1406\">Lire plus &#8230;<\/a><\/p>\n","protected":false},"author":2,"featured_media":1407,"comment_status":"closed","ping_status":"closed","sticky":false,"template":"","format":"standard","meta":{"footnotes":""},"categories":[2,8],"tags":[],"class_list":["post-1406","post","type-post","status-publish","format-standard","has-post-thumbnail","hentry","category-actualites","category-education-musicale"],"_links":{"self":[{"href":"https:\/\/www.college-poincare-saverne.fr\/index.php?rest_route=\/wp\/v2\/posts\/1406","targetHints":{"allow":["GET"]}}],"collection":[{"href":"https:\/\/www.college-poincare-saverne.fr\/index.php?rest_route=\/wp\/v2\/posts"}],"about":[{"href":"https:\/\/www.college-poincare-saverne.fr\/index.php?rest_route=\/wp\/v2\/types\/post"}],"author":[{"embeddable":true,"href":"https:\/\/www.college-poincare-saverne.fr\/index.php?rest_route=\/wp\/v2\/users\/2"}],"replies":[{"embeddable":true,"href":"https:\/\/www.college-poincare-saverne.fr\/index.php?rest_route=%2Fwp%2Fv2%2Fcomments&post=1406"}],"version-history":[{"count":1,"href":"https:\/\/www.college-poincare-saverne.fr\/index.php?rest_route=\/wp\/v2\/posts\/1406\/revisions"}],"predecessor-version":[{"id":1409,"href":"https:\/\/www.college-poincare-saverne.fr\/index.php?rest_route=\/wp\/v2\/posts\/1406\/revisions\/1409"}],"wp:featuredmedia":[{"embeddable":true,"href":"https:\/\/www.college-poincare-saverne.fr\/index.php?rest_route=\/wp\/v2\/media\/1407"}],"wp:attachment":[{"href":"https:\/\/www.college-poincare-saverne.fr\/index.php?rest_route=%2Fwp%2Fv2%2Fmedia&parent=1406"}],"wp:term":[{"taxonomy":"category","embeddable":true,"href":"https:\/\/www.college-poincare-saverne.fr\/index.php?rest_route=%2Fwp%2Fv2%2Fcategories&post=1406"},{"taxonomy":"post_tag","embeddable":true,"href":"https:\/\/www.college-poincare-saverne.fr\/index.php?rest_route=%2Fwp%2Fv2%2Ftags&post=1406"}],"curies":[{"name":"wp","href":"https:\/\/api.w.org\/{rel}","templated":true}]}}