{"id":1288,"date":"2023-06-26T15:12:28","date_gmt":"2023-06-26T13:12:28","guid":{"rendered":"https:\/\/www.college-poincare-saverne.fr\/?p=1288"},"modified":"2023-06-26T15:12:30","modified_gmt":"2023-06-26T13:12:30","slug":"polissage-des-stolpersteine-faire-briller-la-memoire-des-victimes-du-nazisme","status":"publish","type":"post","link":"https:\/\/www.college-poincare-saverne.fr\/?p=1288","title":{"rendered":"Polissage des Stolpersteine : faire briller la m\u00e9moire des victimes du nazisme"},"content":{"rendered":"\n<p><\/p>\n\n\n\n<p class=\"has-extra-small-font-size\"><strong>4 avril 2022<\/strong>, 13 Stolpersteine (pav\u00e9s de m\u00e9moire) ont \u00e9t\u00e9 pos\u00e9s \u00e0 Saverne \u00e0 la m\u00e9moire des victimes juives du nazisme, devant leur derni\u00e8re demeure libre, souvent leur maison natale, pour enfin les \u00ab faire rentrer chez eux.. \u00bb Ces pav\u00e9s recouverts de laiton, grav\u00e9s des noms des victimes, jeunes, adultes, personnes \u00e2g\u00e9es, ont besoin d\u2019un polissage r\u00e9gulier, afin qu\u2019ils restent toujours visibles et lisibles, qu\u2019ils fassent partie de la vie quotidienne des savernois, que le nom des victimes soit prononc\u00e9.<\/p>\n\n\n\n<div class=\"wp-block-columns is-layout-flex wp-container-core-columns-is-layout-9d6595d7 wp-block-columns-is-layout-flex\">\n<div class=\"wp-block-column is-layout-flow wp-block-column-is-layout-flow\" style=\"flex-basis:50%\">\n<figure class=\"wp-block-image size-full\"><img loading=\"lazy\" decoding=\"async\" width=\"649\" height=\"433\" src=\"https:\/\/www.college-poincare-saverne.fr\/wp-content\/uploads\/2023\/06\/image-2.png\" alt=\"\" class=\"wp-image-1291\" srcset=\"https:\/\/www.college-poincare-saverne.fr\/wp-content\/uploads\/2023\/06\/image-2.png 649w, https:\/\/www.college-poincare-saverne.fr\/wp-content\/uploads\/2023\/06\/image-2-300x200.png 300w\" sizes=\"auto, (max-width: 649px) 100vw, 649px\" \/><\/figure>\n\n\n\n<figure class=\"wp-block-image size-full\"><img loading=\"lazy\" decoding=\"async\" width=\"657\" height=\"438\" src=\"https:\/\/www.college-poincare-saverne.fr\/wp-content\/uploads\/2023\/06\/image-8.png\" alt=\"\" class=\"wp-image-1298\" srcset=\"https:\/\/www.college-poincare-saverne.fr\/wp-content\/uploads\/2023\/06\/image-8.png 657w, https:\/\/www.college-poincare-saverne.fr\/wp-content\/uploads\/2023\/06\/image-8-300x200.png 300w\" sizes=\"auto, (max-width: 657px) 100vw, 657px\" \/><\/figure>\n<\/div>\n\n\n\n<div class=\"wp-block-column is-layout-flow wp-block-column-is-layout-flow\" style=\"flex-basis:50%\">\n<figure class=\"wp-block-image size-full\"><img loading=\"lazy\" decoding=\"async\" width=\"656\" height=\"437\" src=\"https:\/\/www.college-poincare-saverne.fr\/wp-content\/uploads\/2023\/06\/image.png\" alt=\"\" class=\"wp-image-1289\" srcset=\"https:\/\/www.college-poincare-saverne.fr\/wp-content\/uploads\/2023\/06\/image.png 656w, https:\/\/www.college-poincare-saverne.fr\/wp-content\/uploads\/2023\/06\/image-300x200.png 300w\" sizes=\"auto, (max-width: 656px) 100vw, 656px\" \/><\/figure>\n\n\n\n<figure class=\"wp-block-image size-full\"><img loading=\"lazy\" decoding=\"async\" width=\"646\" height=\"431\" src=\"https:\/\/www.college-poincare-saverne.fr\/wp-content\/uploads\/2023\/06\/image-7.png\" alt=\"\" class=\"wp-image-1297\" srcset=\"https:\/\/www.college-poincare-saverne.fr\/wp-content\/uploads\/2023\/06\/image-7.png 646w, https:\/\/www.college-poincare-saverne.fr\/wp-content\/uploads\/2023\/06\/image-7-300x200.png 300w\" sizes=\"auto, (max-width: 646px) 100vw, 646px\" \/><\/figure>\n<\/div>\n<\/div>\n\n\n\n<p><strong>5 juin 2023<\/strong>\u00a0: Les \u00e9l\u00e8ves de 3<sup>e<\/sup>2 du coll\u00e8ge Poincar\u00e9, accompagn\u00e9s par les professeurs Fr\u00e9d\u00e9ric Moder, Marion Hartmeyer, Jean-Fran\u00e7ois Machon, Christelle Mehl et Nathalie Risch, de l\u2019AESH Marie-Paule Fournier, de Christophe Woehrle et du maire de Saverne, St\u00e9phane Leyenberger, de la petite fille d\u2019un d\u00e9port\u00e9 ont accompli leur mission de polissage lors d\u2019une c\u00e9r\u00e9monie m\u00e9morielle. Les biographies des personnes d\u00e9port\u00e9es ont \u00e9t\u00e9 lues lors de l&rsquo;entretien des pav\u00e9s, et leur portrait a \u00e9t\u00e9 montr\u00e9.<\/p>\n\n\n\n<div class=\"wp-block-cover is-light\"><span aria-hidden=\"true\" class=\"wp-block-cover__background has-background-dim\"><\/span><img loading=\"lazy\" decoding=\"async\" width=\"1024\" height=\"682\" class=\"wp-block-cover__image-background wp-image-1295\" alt=\"\" src=\"https:\/\/www.college-poincare-saverne.fr\/wp-content\/uploads\/2023\/06\/image-6-1024x682.png\" data-object-fit=\"cover\" srcset=\"https:\/\/www.college-poincare-saverne.fr\/wp-content\/uploads\/2023\/06\/image-6-1024x682.png 1024w, https:\/\/www.college-poincare-saverne.fr\/wp-content\/uploads\/2023\/06\/image-6-300x200.png 300w, https:\/\/www.college-poincare-saverne.fr\/wp-content\/uploads\/2023\/06\/image-6-768x512.png 768w, https:\/\/www.college-poincare-saverne.fr\/wp-content\/uploads\/2023\/06\/image-6.png 1385w\" sizes=\"auto, (max-width: 1024px) 100vw, 1024px\" \/><div class=\"wp-block-cover__inner-container is-layout-flow wp-block-cover-is-layout-flow\">\n<p class=\"has-text-align-center has-large-font-size\"><\/p>\n<\/div><\/div>\n\n\n\n<p>1. Marcel nettoie le Stolperstein d\u2019<strong>ANSELME BLOCH<\/strong> assassin\u00e9 \u00e0 Auschwitz et offre des fleurs, m\u00eame si la tradition juive consiste \u00e0 d\u00e9poser une pierre sur une tombe visit\u00e9e.<\/p>\n\n\n\n<div class=\"wp-block-columns is-layout-flex wp-container-core-columns-is-layout-9d6595d7 wp-block-columns-is-layout-flex\">\n<div class=\"wp-block-column is-layout-flow wp-block-column-is-layout-flow\">\n<figure class=\"wp-block-image size-full\"><img loading=\"lazy\" decoding=\"async\" width=\"677\" height=\"451\" src=\"https:\/\/www.college-poincare-saverne.fr\/wp-content\/uploads\/2023\/06\/image-9.png\" alt=\"\" class=\"wp-image-1299\" srcset=\"https:\/\/www.college-poincare-saverne.fr\/wp-content\/uploads\/2023\/06\/image-9.png 677w, https:\/\/www.college-poincare-saverne.fr\/wp-content\/uploads\/2023\/06\/image-9-300x200.png 300w\" sizes=\"auto, (max-width: 677px) 100vw, 677px\" \/><\/figure>\n<\/div>\n\n\n\n<div class=\"wp-block-column is-layout-flow wp-block-column-is-layout-flow\">\n<figure class=\"wp-block-image size-full\"><img loading=\"lazy\" decoding=\"async\" width=\"676\" height=\"451\" src=\"https:\/\/www.college-poincare-saverne.fr\/wp-content\/uploads\/2023\/06\/image-10.png\" alt=\"\" class=\"wp-image-1300\" srcset=\"https:\/\/www.college-poincare-saverne.fr\/wp-content\/uploads\/2023\/06\/image-10.png 676w, https:\/\/www.college-poincare-saverne.fr\/wp-content\/uploads\/2023\/06\/image-10-300x200.png 300w\" sizes=\"auto, (max-width: 676px) 100vw, 676px\" \/><\/figure>\n<\/div>\n<\/div>\n\n\n\n<p>2. Temetelia astique les 3 Stolpersteine de la <strong>FAMILLE MEYER \u2013 ALBERT<\/strong> assassin\u00e9 \u00e0 Buchenwald, <strong>GERMAINE et LEOPOLD<\/strong> assassin\u00e9s \u00e0 Auschwitz, et d\u00e9pose une rose rouge.<\/p>\n\n\n\n<div class=\"wp-block-columns is-layout-flex wp-container-core-columns-is-layout-9d6595d7 wp-block-columns-is-layout-flex\">\n<div class=\"wp-block-column is-layout-flow wp-block-column-is-layout-flow\" style=\"flex-basis:33.33%\">\n<figure class=\"wp-block-image size-full\"><img loading=\"lazy\" decoding=\"async\" width=\"254\" height=\"382\" src=\"https:\/\/www.college-poincare-saverne.fr\/wp-content\/uploads\/2023\/06\/image-11.png\" alt=\"\" class=\"wp-image-1301\" srcset=\"https:\/\/www.college-poincare-saverne.fr\/wp-content\/uploads\/2023\/06\/image-11.png 254w, https:\/\/www.college-poincare-saverne.fr\/wp-content\/uploads\/2023\/06\/image-11-199x300.png 199w\" sizes=\"auto, (max-width: 254px) 100vw, 254px\" \/><\/figure>\n<\/div>\n\n\n\n<div class=\"wp-block-column is-layout-flow wp-block-column-is-layout-flow\" style=\"flex-basis:66.66%\">\n<figure class=\"wp-block-image size-full\"><img loading=\"lazy\" decoding=\"async\" width=\"787\" height=\"523\" src=\"https:\/\/www.college-poincare-saverne.fr\/wp-content\/uploads\/2023\/06\/image-12.png\" alt=\"\" class=\"wp-image-1302\" srcset=\"https:\/\/www.college-poincare-saverne.fr\/wp-content\/uploads\/2023\/06\/image-12.png 787w, https:\/\/www.college-poincare-saverne.fr\/wp-content\/uploads\/2023\/06\/image-12-300x199.png 300w, https:\/\/www.college-poincare-saverne.fr\/wp-content\/uploads\/2023\/06\/image-12-768x510.png 768w\" sizes=\"auto, (max-width: 787px) 100vw, 787px\" \/><\/figure>\n<\/div>\n<\/div>\n\n\n\n<figure class=\"wp-block-image size-large\"><img loading=\"lazy\" decoding=\"async\" width=\"1024\" height=\"682\" src=\"https:\/\/www.college-poincare-saverne.fr\/wp-content\/uploads\/2023\/06\/image-13-1024x682.png\" alt=\"\" class=\"wp-image-1303\" srcset=\"https:\/\/www.college-poincare-saverne.fr\/wp-content\/uploads\/2023\/06\/image-13-1024x682.png 1024w, https:\/\/www.college-poincare-saverne.fr\/wp-content\/uploads\/2023\/06\/image-13-300x200.png 300w, https:\/\/www.college-poincare-saverne.fr\/wp-content\/uploads\/2023\/06\/image-13-768x512.png 768w, https:\/\/www.college-poincare-saverne.fr\/wp-content\/uploads\/2023\/06\/image-13.png 1376w\" sizes=\"auto, (max-width: 1024px) 100vw, 1024px\" \/><\/figure>\n\n\n\n<p>3. Fr\u00e9d\u00e9ric Moder et Christophe Woehrl\u00e9 polissent les 3 Stolpersteine de la <strong>FAMILLE KAHN \u2013<\/strong> <strong>BERTRAND<\/strong>, assassin\u00e9 \u00e0 Gleiwitz, <strong>SILVAIN<\/strong>, lib\u00e9r\u00e9 de Flossenburg et <strong>MARCEL<\/strong>, lib\u00e9r\u00e9 de Blechhammer, tous les 3 apr\u00e8s \u00eatre pass\u00e9s dans plusieurs camps de concentration, d\u2019extermination, dont le terrible camp d\u2019Auchwitz.<\/p>\n\n\n\n<div class=\"wp-block-columns is-layout-flex wp-container-core-columns-is-layout-9d6595d7 wp-block-columns-is-layout-flex\">\n<div class=\"wp-block-column is-layout-flow wp-block-column-is-layout-flow\" style=\"flex-basis:33.33%\">\n<figure class=\"wp-block-image size-full\"><img loading=\"lazy\" decoding=\"async\" width=\"245\" height=\"368\" src=\"https:\/\/www.college-poincare-saverne.fr\/wp-content\/uploads\/2023\/06\/image-14.png\" alt=\"\" class=\"wp-image-1304\" srcset=\"https:\/\/www.college-poincare-saverne.fr\/wp-content\/uploads\/2023\/06\/image-14.png 245w, https:\/\/www.college-poincare-saverne.fr\/wp-content\/uploads\/2023\/06\/image-14-200x300.png 200w\" sizes=\"auto, (max-width: 245px) 100vw, 245px\" \/><\/figure>\n<\/div>\n\n\n\n<div class=\"wp-block-column is-layout-flow wp-block-column-is-layout-flow\" style=\"flex-basis:66.66%\">\n<figure class=\"wp-block-image size-full\"><img loading=\"lazy\" decoding=\"async\" width=\"794\" height=\"529\" src=\"https:\/\/www.college-poincare-saverne.fr\/wp-content\/uploads\/2023\/06\/image-15.png\" alt=\"\" class=\"wp-image-1305\" srcset=\"https:\/\/www.college-poincare-saverne.fr\/wp-content\/uploads\/2023\/06\/image-15.png 794w, https:\/\/www.college-poincare-saverne.fr\/wp-content\/uploads\/2023\/06\/image-15-300x200.png 300w, https:\/\/www.college-poincare-saverne.fr\/wp-content\/uploads\/2023\/06\/image-15-768x512.png 768w\" sizes=\"auto, (max-width: 794px) 100vw, 794px\" \/><\/figure>\n<\/div>\n<\/div>\n\n\n\n<figure class=\"wp-block-image size-large\"><img loading=\"lazy\" decoding=\"async\" width=\"1024\" height=\"682\" src=\"https:\/\/www.college-poincare-saverne.fr\/wp-content\/uploads\/2023\/06\/image-16-1024x682.png\" alt=\"\" class=\"wp-image-1306\" srcset=\"https:\/\/www.college-poincare-saverne.fr\/wp-content\/uploads\/2023\/06\/image-16-1024x682.png 1024w, https:\/\/www.college-poincare-saverne.fr\/wp-content\/uploads\/2023\/06\/image-16-300x200.png 300w, https:\/\/www.college-poincare-saverne.fr\/wp-content\/uploads\/2023\/06\/image-16-768x512.png 768w, https:\/\/www.college-poincare-saverne.fr\/wp-content\/uploads\/2023\/06\/image-16.png 1385w\" sizes=\"auto, (max-width: 1024px) 100vw, 1024px\" \/><\/figure>\n\n\n\n<p>4. Florine frotte \u00e9nergiquement le Stolperstein d\u2018<strong>ALFRED LEVY, <\/strong>assassin\u00e9 \u00e0 Auchwitz, et laisse une plante verte \u00e0 c\u00f4t\u00e9 du pav\u00e9 et Christophe Woehrle le fait briller.<\/p>\n\n\n\n<div class=\"wp-block-columns is-layout-flex wp-container-core-columns-is-layout-9d6595d7 wp-block-columns-is-layout-flex\">\n<div class=\"wp-block-column is-layout-flow wp-block-column-is-layout-flow\">\n<figure class=\"wp-block-image size-full\"><img loading=\"lazy\" decoding=\"async\" width=\"680\" height=\"453\" src=\"https:\/\/www.college-poincare-saverne.fr\/wp-content\/uploads\/2023\/06\/image-17.png\" alt=\"\" class=\"wp-image-1307\" srcset=\"https:\/\/www.college-poincare-saverne.fr\/wp-content\/uploads\/2023\/06\/image-17.png 680w, https:\/\/www.college-poincare-saverne.fr\/wp-content\/uploads\/2023\/06\/image-17-300x200.png 300w\" sizes=\"auto, (max-width: 680px) 100vw, 680px\" \/><\/figure>\n<\/div>\n\n\n\n<div class=\"wp-block-column is-layout-flow wp-block-column-is-layout-flow\">\n<figure class=\"wp-block-image size-full\"><img loading=\"lazy\" decoding=\"async\" width=\"675\" height=\"450\" src=\"https:\/\/www.college-poincare-saverne.fr\/wp-content\/uploads\/2023\/06\/image-18.png\" alt=\"\" class=\"wp-image-1308\" srcset=\"https:\/\/www.college-poincare-saverne.fr\/wp-content\/uploads\/2023\/06\/image-18.png 675w, https:\/\/www.college-poincare-saverne.fr\/wp-content\/uploads\/2023\/06\/image-18-300x200.png 300w\" sizes=\"auto, (max-width: 675px) 100vw, 675px\" \/><\/figure>\n<\/div>\n<\/div>\n\n\n\n<figure class=\"wp-block-image size-large\"><img loading=\"lazy\" decoding=\"async\" width=\"1024\" height=\"682\" src=\"https:\/\/www.college-poincare-saverne.fr\/wp-content\/uploads\/2023\/06\/image-19-1024x682.png\" alt=\"\" class=\"wp-image-1309\" srcset=\"https:\/\/www.college-poincare-saverne.fr\/wp-content\/uploads\/2023\/06\/image-19-1024x682.png 1024w, https:\/\/www.college-poincare-saverne.fr\/wp-content\/uploads\/2023\/06\/image-19-300x200.png 300w, https:\/\/www.college-poincare-saverne.fr\/wp-content\/uploads\/2023\/06\/image-19-768x512.png 768w, https:\/\/www.college-poincare-saverne.fr\/wp-content\/uploads\/2023\/06\/image-19.png 1385w\" sizes=\"auto, (max-width: 1024px) 100vw, 1024px\" \/><\/figure>\n\n\n\n<p>5. Ares prend soin du Stolperstein de <strong>PAUL LEHMANN<\/strong>, assassin\u00e9 \u00e0 Sarlat-la-Caneda \u00e0 l\u2019\u00e2ge de 14 ans, l\u2019\u00e2ge des \u00e9l\u00e8ves qui participent \u00e0 la c\u00e9r\u00e9monie de polissage des pav\u00e9s de m\u00e9moire ou \u00ab\u00a0pierre d\u2019achoppement\u00a0\u00bb ou \u00ab\u00a0pierre pour tr\u00e9bucher.\u00a0\u00bb<\/p>\n\n\n\n<div class=\"wp-block-columns is-layout-flex wp-container-core-columns-is-layout-9d6595d7 wp-block-columns-is-layout-flex\">\n<div class=\"wp-block-column is-layout-flow wp-block-column-is-layout-flow\">\n<figure class=\"wp-block-image size-full\"><img loading=\"lazy\" decoding=\"async\" width=\"679\" height=\"452\" src=\"https:\/\/www.college-poincare-saverne.fr\/wp-content\/uploads\/2023\/06\/image-20.png\" alt=\"\" class=\"wp-image-1310\" srcset=\"https:\/\/www.college-poincare-saverne.fr\/wp-content\/uploads\/2023\/06\/image-20.png 679w, https:\/\/www.college-poincare-saverne.fr\/wp-content\/uploads\/2023\/06\/image-20-300x200.png 300w\" sizes=\"auto, (max-width: 679px) 100vw, 679px\" \/><\/figure>\n<\/div>\n\n\n\n<div class=\"wp-block-column is-layout-flow wp-block-column-is-layout-flow\">\n<figure class=\"wp-block-image size-full\"><img loading=\"lazy\" decoding=\"async\" width=\"689\" height=\"459\" src=\"https:\/\/www.college-poincare-saverne.fr\/wp-content\/uploads\/2023\/06\/image-21.png\" alt=\"\" class=\"wp-image-1311\" srcset=\"https:\/\/www.college-poincare-saverne.fr\/wp-content\/uploads\/2023\/06\/image-21.png 689w, https:\/\/www.college-poincare-saverne.fr\/wp-content\/uploads\/2023\/06\/image-21-300x200.png 300w\" sizes=\"auto, (max-width: 689px) 100vw, 689px\" \/><\/figure>\n<\/div>\n<\/div>\n\n\n\n<p>6. Stan enl\u00e8ve la couche de salet\u00e9 du Stolpertstein de <strong>MO\u00cfSE-MAXIME LEHMANN, <\/strong>assassin\u00e9\u00e0 Clayrac, puis pose une rose orang\u00e9 sur le pav\u00e9 propre maintenant.<\/p>\n\n\n\n<div class=\"wp-block-columns is-layout-flex wp-container-core-columns-is-layout-9d6595d7 wp-block-columns-is-layout-flex\">\n<div class=\"wp-block-column is-layout-flow wp-block-column-is-layout-flow\">\n<figure class=\"wp-block-image size-full\"><img loading=\"lazy\" decoding=\"async\" width=\"683\" height=\"456\" src=\"https:\/\/www.college-poincare-saverne.fr\/wp-content\/uploads\/2023\/06\/image-22.png\" alt=\"\" class=\"wp-image-1312\" srcset=\"https:\/\/www.college-poincare-saverne.fr\/wp-content\/uploads\/2023\/06\/image-22.png 683w, https:\/\/www.college-poincare-saverne.fr\/wp-content\/uploads\/2023\/06\/image-22-300x200.png 300w\" sizes=\"auto, (max-width: 683px) 100vw, 683px\" \/><\/figure>\n\n\n\n<figure class=\"wp-block-image size-full\"><img loading=\"lazy\" decoding=\"async\" width=\"688\" height=\"458\" src=\"https:\/\/www.college-poincare-saverne.fr\/wp-content\/uploads\/2023\/06\/image-24.png\" alt=\"\" class=\"wp-image-1314\" srcset=\"https:\/\/www.college-poincare-saverne.fr\/wp-content\/uploads\/2023\/06\/image-24.png 688w, https:\/\/www.college-poincare-saverne.fr\/wp-content\/uploads\/2023\/06\/image-24-300x200.png 300w\" sizes=\"auto, (max-width: 688px) 100vw, 688px\" \/><\/figure>\n<\/div>\n\n\n\n<div class=\"wp-block-column is-layout-flow wp-block-column-is-layout-flow\">\n<figure class=\"wp-block-image size-full\"><img loading=\"lazy\" decoding=\"async\" width=\"686\" height=\"457\" src=\"https:\/\/www.college-poincare-saverne.fr\/wp-content\/uploads\/2023\/06\/image-23.png\" alt=\"\" class=\"wp-image-1313\" srcset=\"https:\/\/www.college-poincare-saverne.fr\/wp-content\/uploads\/2023\/06\/image-23.png 686w, https:\/\/www.college-poincare-saverne.fr\/wp-content\/uploads\/2023\/06\/image-23-300x200.png 300w\" sizes=\"auto, (max-width: 686px) 100vw, 686px\" \/><\/figure>\n\n\n\n<figure class=\"wp-block-image size-full\"><img loading=\"lazy\" decoding=\"async\" width=\"680\" height=\"453\" src=\"https:\/\/www.college-poincare-saverne.fr\/wp-content\/uploads\/2023\/06\/image-25.png\" alt=\"\" class=\"wp-image-1315\" srcset=\"https:\/\/www.college-poincare-saverne.fr\/wp-content\/uploads\/2023\/06\/image-25.png 680w, https:\/\/www.college-poincare-saverne.fr\/wp-content\/uploads\/2023\/06\/image-25-300x200.png 300w\" sizes=\"auto, (max-width: 680px) 100vw, 680px\" \/><\/figure>\n<\/div>\n<\/div>\n\n\n\n<p>7. Paul-Alexis nettoie le Stolperstein de <strong>MARCEL SCHWARTZ<\/strong>, assassin\u00e9 \u00e0 Mauthausen, et d\u00e9pose un bouquet de fleurs.<\/p>\n\n\n\n<div class=\"wp-block-columns is-layout-flex wp-container-core-columns-is-layout-9d6595d7 wp-block-columns-is-layout-flex\">\n<div class=\"wp-block-column is-layout-flow wp-block-column-is-layout-flow\">\n<figure class=\"wp-block-image size-full\"><img loading=\"lazy\" decoding=\"async\" width=\"250\" height=\"375\" src=\"https:\/\/www.college-poincare-saverne.fr\/wp-content\/uploads\/2023\/06\/image-26.png\" alt=\"\" class=\"wp-image-1316\" srcset=\"https:\/\/www.college-poincare-saverne.fr\/wp-content\/uploads\/2023\/06\/image-26.png 250w, https:\/\/www.college-poincare-saverne.fr\/wp-content\/uploads\/2023\/06\/image-26-200x300.png 200w\" sizes=\"auto, (max-width: 250px) 100vw, 250px\" \/><\/figure>\n<\/div>\n\n\n\n<div class=\"wp-block-column is-layout-flow wp-block-column-is-layout-flow\">\n<figure class=\"wp-block-image size-full\"><img loading=\"lazy\" decoding=\"async\" width=\"774\" height=\"516\" src=\"https:\/\/www.college-poincare-saverne.fr\/wp-content\/uploads\/2023\/06\/image-27.png\" alt=\"\" class=\"wp-image-1317\" srcset=\"https:\/\/www.college-poincare-saverne.fr\/wp-content\/uploads\/2023\/06\/image-27.png 774w, https:\/\/www.college-poincare-saverne.fr\/wp-content\/uploads\/2023\/06\/image-27-300x200.png 300w, https:\/\/www.college-poincare-saverne.fr\/wp-content\/uploads\/2023\/06\/image-27-768x512.png 768w\" sizes=\"auto, (max-width: 774px) 100vw, 774px\" \/><\/figure>\n<\/div>\n<\/div>\n\n\n\n<p>8.\u00a0Fr\u00e9d\u00e9ric Moder polit les 2 Stolpersteine sur les marches de la synagogue pour <strong>FLORETTE et ALPHONSE WOLFF<\/strong>, assassin\u00e9s \u00e0 Auchwitz, Florette \u00e0 79 ans et Alphonse \u00e0 85 ans. Un jeune a pos\u00e9 quelques fleurs et un autre a ajout\u00e9 un caillou selon la tradition juive.<\/p>\n\n\n\n<figure class=\"wp-block-image size-large\"><img loading=\"lazy\" decoding=\"async\" width=\"1024\" height=\"682\" src=\"https:\/\/www.college-poincare-saverne.fr\/wp-content\/uploads\/2023\/06\/image-28-1024x682.png\" alt=\"\" class=\"wp-image-1318\" srcset=\"https:\/\/www.college-poincare-saverne.fr\/wp-content\/uploads\/2023\/06\/image-28-1024x682.png 1024w, https:\/\/www.college-poincare-saverne.fr\/wp-content\/uploads\/2023\/06\/image-28-300x200.png 300w, https:\/\/www.college-poincare-saverne.fr\/wp-content\/uploads\/2023\/06\/image-28-768x512.png 768w, https:\/\/www.college-poincare-saverne.fr\/wp-content\/uploads\/2023\/06\/image-28.png 1385w\" sizes=\"auto, (max-width: 1024px) 100vw, 1024px\" \/><\/figure>\n\n\n\n<p>L\u2019\u00e9quipe de la c\u00e9r\u00e9monie de polissage, action \u00e0 refaire chaque ann\u00e9e. La classe de 3e2 \u00e9tant parrain de la pose des pierres effectu\u00e9es en 2022.<\/p>\n","protected":false},"excerpt":{"rendered":"<p>4 avril 2022, 13 Stolpersteine (pav\u00e9s de m\u00e9moire) ont \u00e9t\u00e9 pos\u00e9s \u00e0 Saverne \u00e0 la m\u00e9moire des victimes juives du nazisme, devant leur derni\u00e8re demeure libre, souvent leur maison natale, pour enfin les \u00ab faire rentrer chez eux.. \u00bb Ces pav\u00e9s recouverts de laiton, grav\u00e9s des noms des victimes, jeunes, adultes, personnes \u00e2g\u00e9es, ont besoin <a class=\"more-link\" href=\"https:\/\/www.college-poincare-saverne.fr\/?p=1288\">Lire plus &#8230;<\/a><\/p>\n","protected":false},"author":1,"featured_media":1309,"comment_status":"closed","ping_status":"closed","sticky":false,"template":"","format":"standard","meta":{"footnotes":""},"categories":[2,7],"tags":[],"class_list":["post-1288","post","type-post","status-publish","format-standard","has-post-thumbnail","hentry","category-actualites","category-histoire-geographie"],"_links":{"self":[{"href":"https:\/\/www.college-poincare-saverne.fr\/index.php?rest_route=\/wp\/v2\/posts\/1288","targetHints":{"allow":["GET"]}}],"collection":[{"href":"https:\/\/www.college-poincare-saverne.fr\/index.php?rest_route=\/wp\/v2\/posts"}],"about":[{"href":"https:\/\/www.college-poincare-saverne.fr\/index.php?rest_route=\/wp\/v2\/types\/post"}],"author":[{"embeddable":true,"href":"https:\/\/www.college-poincare-saverne.fr\/index.php?rest_route=\/wp\/v2\/users\/1"}],"replies":[{"embeddable":true,"href":"https:\/\/www.college-poincare-saverne.fr\/index.php?rest_route=%2Fwp%2Fv2%2Fcomments&post=1288"}],"version-history":[{"count":2,"href":"https:\/\/www.college-poincare-saverne.fr\/index.php?rest_route=\/wp\/v2\/posts\/1288\/revisions"}],"predecessor-version":[{"id":1319,"href":"https:\/\/www.college-poincare-saverne.fr\/index.php?rest_route=\/wp\/v2\/posts\/1288\/revisions\/1319"}],"wp:featuredmedia":[{"embeddable":true,"href":"https:\/\/www.college-poincare-saverne.fr\/index.php?rest_route=\/wp\/v2\/media\/1309"}],"wp:attachment":[{"href":"https:\/\/www.college-poincare-saverne.fr\/index.php?rest_route=%2Fwp%2Fv2%2Fmedia&parent=1288"}],"wp:term":[{"taxonomy":"category","embeddable":true,"href":"https:\/\/www.college-poincare-saverne.fr\/index.php?rest_route=%2Fwp%2Fv2%2Fcategories&post=1288"},{"taxonomy":"post_tag","embeddable":true,"href":"https:\/\/www.college-poincare-saverne.fr\/index.php?rest_route=%2Fwp%2Fv2%2Ftags&post=1288"}],"curies":[{"name":"wp","href":"https:\/\/api.w.org\/{rel}","templated":true}]}}