{"id":1060,"date":"2023-02-04T18:45:41","date_gmt":"2023-02-04T17:45:41","guid":{"rendered":"https:\/\/www.college-poincare-saverne.fr\/?p=1060"},"modified":"2023-02-04T18:45:45","modified_gmt":"2023-02-04T17:45:45","slug":"competition-academique-de-judo-mercredi-11-janvier-au-creps-de-stasbourg-les-resultats","status":"publish","type":"post","link":"https:\/\/www.college-poincare-saverne.fr\/?p=1060","title":{"rendered":"Comp\u00e9tition acad\u00e9mique de JUDO mercredi 11 janvier au CREPS de STASBOURG : les r\u00e9sultats"},"content":{"rendered":"\n<p><strong>La grande nouvelle : l&rsquo;\u00e9quipe des 5\u00e8mes \/4\u00e8mes est qualifi\u00e9e pour les championnats de FRANCE de JUDO UNSS gr\u00e2ce \u00e0 sa brillante 2\u00e8me place.<\/strong><\/p>\n\n\n\n<figure class=\"wp-block-image size-large\"><img loading=\"lazy\" decoding=\"async\" width=\"1024\" height=\"768\" src=\"https:\/\/www.college-poincare-saverne.fr\/wp-content\/uploads\/2023\/02\/IMG_20230111_094350-1-1024x768.jpg\" alt=\"\" class=\"wp-image-1061\" srcset=\"https:\/\/www.college-poincare-saverne.fr\/wp-content\/uploads\/2023\/02\/IMG_20230111_094350-1-1024x768.jpg 1024w, https:\/\/www.college-poincare-saverne.fr\/wp-content\/uploads\/2023\/02\/IMG_20230111_094350-1-300x225.jpg 300w, https:\/\/www.college-poincare-saverne.fr\/wp-content\/uploads\/2023\/02\/IMG_20230111_094350-1-768x576.jpg 768w, https:\/\/www.college-poincare-saverne.fr\/wp-content\/uploads\/2023\/02\/IMG_20230111_094350-1-1536x1152.jpg 1536w, https:\/\/www.college-poincare-saverne.fr\/wp-content\/uploads\/2023\/02\/IMG_20230111_094350-1-2048x1536.jpg 2048w\" sizes=\"auto, (max-width: 1024px) 100vw, 1024px\" \/><\/figure>\n\n\n\n<p>Mercredi 11 janvier 2023, les \u00e9l\u00e8ves judokas du coll\u00e8ge ont particip\u00e9 aux championnats d&rsquo;acad\u00e9mie UNSS de judo. Leur professeur, M. Suhr, a \u00e9t\u00e9 tr\u00e8s heureux de les y accompagner et de d\u00e9couvrir certains et certaines sous un autre jour. Il souligne aussi combien il a appr\u00e9ci\u00e9 l&rsquo;ambiance qui r\u00e8gne entre les \u00e9l\u00e8ves, faite de solidarit\u00e9, d&rsquo;encouragement et de joie.<\/p>\n\n\n\n<p>DANNER Lily, DEGRASSE L\u00e9ny, DIETEMANN Ma\u00eblle, FLECK Robin, FLECK Yoann, HERLEM Colin, L\u00ca LEGRAND Rapha\u00ebl, LUTZ Alexandra, LUTZ Yoan, OSTERMANN Camille portent haut les valeurs du sport : excellence, amiti\u00e9 et respect.<\/p>\n\n\n\n<p>Non seulement les filles et gar\u00e7ons ont r\u00e9alis\u00e9 de belles performances individuelles,&nbsp; mais la grande nouvelle est que l&rsquo;\u00e9quipe des 5\u00e8mes \/4\u00e8mes est qualifi\u00e9e pour les championnats de FRANCE de JUDO UNSS gr\u00e2ce \u00e0 sa brillante 2\u00e8me place.<\/p>\n\n\n\n<p>Nous irons donc d\u00e9fendre nos chances et repr\u00e9senter le coll\u00e8ge le 4 et 5 Avril \u00e0 POUZIN en Ard\u00e8che dans l&rsquo;acad\u00e9mie de GRENOBLE avec l&rsquo;\u00e9quipe form\u00e9e par Lily, Ma\u00eblle, Robin et Yoann F. ( combattants) , Alexandra ( jeune arbitre certifi\u00e9e Acad\u00e9mique), Yoan Lutz ( jeune Coach).<\/p>\n\n\n\n<p>Nous leur souhaitons de r\u00e9aliser un beau palmar\u00e8s et surtout de vivre un grand moment sportif.<\/p>\n","protected":false},"excerpt":{"rendered":"<p>La grande nouvelle : l&rsquo;\u00e9quipe des 5\u00e8mes \/4\u00e8mes est qualifi\u00e9e pour les championnats de FRANCE de JUDO UNSS gr\u00e2ce \u00e0 sa brillante 2\u00e8me place. Mercredi 11 janvier 2023, les \u00e9l\u00e8ves judokas du coll\u00e8ge ont particip\u00e9 aux championnats d&rsquo;acad\u00e9mie UNSS de judo. Leur professeur, M. Suhr, a \u00e9t\u00e9 tr\u00e8s heureux de les y accompagner et de <a class=\"more-link\" href=\"https:\/\/www.college-poincare-saverne.fr\/?p=1060\">Lire plus &#8230;<\/a><\/p>\n","protected":false},"author":1,"featured_media":1064,"comment_status":"closed","ping_status":"closed","sticky":false,"template":"","format":"standard","meta":{"footnotes":""},"categories":[2],"tags":[],"class_list":["post-1060","post","type-post","status-publish","format-standard","has-post-thumbnail","hentry","category-actualites"],"_links":{"self":[{"href":"https:\/\/www.college-poincare-saverne.fr\/index.php?rest_route=\/wp\/v2\/posts\/1060","targetHints":{"allow":["GET"]}}],"collection":[{"href":"https:\/\/www.college-poincare-saverne.fr\/index.php?rest_route=\/wp\/v2\/posts"}],"about":[{"href":"https:\/\/www.college-poincare-saverne.fr\/index.php?rest_route=\/wp\/v2\/types\/post"}],"author":[{"embeddable":true,"href":"https:\/\/www.college-poincare-saverne.fr\/index.php?rest_route=\/wp\/v2\/users\/1"}],"replies":[{"embeddable":true,"href":"https:\/\/www.college-poincare-saverne.fr\/index.php?rest_route=%2Fwp%2Fv2%2Fcomments&post=1060"}],"version-history":[{"count":2,"href":"https:\/\/www.college-poincare-saverne.fr\/index.php?rest_route=\/wp\/v2\/posts\/1060\/revisions"}],"predecessor-version":[{"id":1065,"href":"https:\/\/www.college-poincare-saverne.fr\/index.php?rest_route=\/wp\/v2\/posts\/1060\/revisions\/1065"}],"wp:featuredmedia":[{"embeddable":true,"href":"https:\/\/www.college-poincare-saverne.fr\/index.php?rest_route=\/wp\/v2\/media\/1064"}],"wp:attachment":[{"href":"https:\/\/www.college-poincare-saverne.fr\/index.php?rest_route=%2Fwp%2Fv2%2Fmedia&parent=1060"}],"wp:term":[{"taxonomy":"category","embeddable":true,"href":"https:\/\/www.college-poincare-saverne.fr\/index.php?rest_route=%2Fwp%2Fv2%2Fcategories&post=1060"},{"taxonomy":"post_tag","embeddable":true,"href":"https:\/\/www.college-poincare-saverne.fr\/index.php?rest_route=%2Fwp%2Fv2%2Ftags&post=1060"}],"curies":[{"name":"wp","href":"https:\/\/api.w.org\/{rel}","templated":true}]}}